{"id":114274,"date":"2025-12-22T19:48:53","date_gmt":"2025-12-22T19:48:53","guid":{"rendered":"https:\/\/www.europesays.com\/se\/114274\/"},"modified":"2025-12-22T19:48:53","modified_gmt":"2025-12-22T19:48:53","slug":"lundin-golds-vd-nagra-ar-till-med-riktigt-starka-guldpriser","status":"publish","type":"post","link":"https:\/\/www.europesays.com\/se\/114274\/","title":{"rendered":"Lundin Golds VD: &#8221;N\u00e5gra \u00e5r till med riktigt starka guldpriser&#8221;"},"content":{"rendered":"<p class=\"font-sans text-base text-text-main dark:text-text-main-dark font-normal leading-[1.4]\"> Gruvbolagets nya vd Jamie Beck sp\u00e5r att aktien har mer att ge under kommande \u00e5r.<\/p>\n<p class=\"font-sans text-base text-text-main dark:text-text-main-dark font-normal leading-[1.4]\">&#8221;Jag tror verkligen att vi f\u00e5r n\u00e5gra till \u00e5r med riktigt starka guldpriser&#8221;, s\u00e4ger han i en intervju med Nyhetsbyr\u00e5n Direkt.<\/p>\n<p class=\"font-sans text-base text-text-main dark:text-text-main-dark font-normal leading-[1.4]\">Som en j\u00e4mf\u00f6relse har f\u00f6rsvarsbolaget Saab, den n\u00e4st b\u00e4st presterande Large Cap-aktien, stigit omkring 115 procent i \u00e5r.<\/p>\n<p class=\"font-sans text-base text-text-main dark:text-text-main-dark font-normal leading-[1.4]\">Lundin Golds kursuppg\u00e5ng om cirka 240 procent kan \u00e4ven st\u00e4llas mot att guldpriset stigit med ungef\u00e4r 68 procent hittills i \u00e5r.<\/p>\n<p class=\"font-sans text-base text-text-main dark:text-text-main-dark font-normal leading-[1.4]\"><strong>B\u00f6r Lundin Gold-aktien ses som ett derivat med h\u00e4vst\u00e5ng f\u00f6r guldpriset?<\/strong><\/p>\n<p class=\"font-sans text-base text-text-main dark:text-text-main-dark font-normal leading-[1.4]\">&#8221;Det tycker jag inte. Om man tror att vi bara \u00e4r i den h\u00e4r branschen f\u00f6r att reflektera guldpriset, d\u00e5 kan man lika g\u00e4rna k\u00f6pa guld direkt. Vi driver det h\u00e4r f\u00f6r att f\u00f6rs\u00f6ka f\u00e5 verksamheten att v\u00e4xa d\u00e4r guldpriset s\u00e4kerligen kommer att p\u00e5verka v\u00e5r aktiekurs, men jag tror ocks\u00e5 att den \u00e5terspeglar v\u00e5r f\u00f6rm\u00e5ga att leverera p\u00e5 v\u00e5ra m\u00e5l. Det \u00e4r en kombination av fortsatt operativ f\u00f6rm\u00e5ga, styrkan i v\u00e5r utdelning, kvaliteten p\u00e5 v\u00e5r prospektering och tillv\u00e4xtprofilen som g\u00f6r att vi handlas till den kurs vi g\u00f6r&#8221;, s\u00e4ger Jamie Beck.<\/p>\n<p class=\"font-sans text-base text-text-main dark:text-text-main-dark font-normal leading-[1.4]\">Lundin Golds tidigare vd Ron Hochstein hade ett uttalat m\u00e5l ang\u00e5ende aktiekursens utveckling. I slutet p\u00e5 maj 2024 uppgav han f\u00f6r Nyhetsbyr\u00e5n Direkt att Lundin Golds strategiska m\u00e5l var att aktiekursen skulle n\u00e5 40 kanadensiska dollar inom fem till tio \u00e5r. Vid den tidpunkten handlades aktien strax \u00f6ver 14 kanadensiska dollar. Nu byter den h\u00e4nder f\u00f6r runt 114 kanadensiska dollar.<\/p>\n<p class=\"font-sans text-base text-text-main dark:text-text-main-dark font-normal leading-[1.4]\">N\u00e5got nytt m\u00e5l f\u00f6r aktiekursen \u00e4r dock inget som Jamie Beck vill ge sig in i.<\/p>\n<p class=\"font-sans text-base text-text-main dark:text-text-main-dark font-normal leading-[1.4]\">&#8221;Jag undviker att g\u00f6ra s\u00e5dana prognoser och l\u00e5ter i st\u00e4llet v\u00e5ra investerare spekulera kring det&#8221;, s\u00e4ger han.<\/p>\n<p class=\"font-sans text-base text-text-main dark:text-text-main-dark font-normal leading-[1.4]\"><strong>Vad \u00e4r din syn p\u00e5 guldpriset i dag?<\/strong><\/p>\n<p class=\"font-sans text-base text-text-main dark:text-text-main-dark font-normal leading-[1.4]\">&#8221;Att det \u00e4r ganska starkt. Jag kan undra om vi befinner oss i en situation d\u00e4r det blir en mindre rekyl, men att priset d\u00e4refter forts\u00e4tter att stiga. Utifr\u00e5n det makroekonomiska l\u00e4get verkar det inte finnas n\u00e5gra tecken p\u00e5 avmattning f\u00f6r guld. S\u00e5 ja, jag tror verkligen att vi f\u00e5r n\u00e5gra \u00e5r till med riktigt starka guldpriser.&#8221;<\/p>\n<p class=\"font-sans text-base text-text-main dark:text-text-main-dark font-normal leading-[1.4]\"><strong>Hur h\u00f6gt tror du guldpriset kan g\u00e5?<\/strong><\/p>\n<p class=\"font-sans text-base text-text-main dark:text-text-main-dark font-normal leading-[1.4]\">&#8221;Konsensus f\u00f6r 2026 \u00e4r att guldpriset ska ligga runt 4.500 dollar per uns (j\u00e4mf\u00f6rt med cirka 4.300 dollar i dag, reds anm) och jag har sett siffror f\u00f6r 2027 s\u00e5 h\u00f6ga som ungef\u00e4r 5.000 dollar. Vissa analytiker s\u00e4ger till och med 5.000-6.000 dollar. Dock ska man komma ih\u00e5g att de som s\u00e4ger att de har en bra uppfattning om vart guldet kommer att ta v\u00e4gen f\u00f6rmodligen kommer att f\u00e5 fel. Det enda vi som bolag kan g\u00f6ra \u00e4r att f\u00f6rs\u00f6ka kontrollera v\u00e5ra kostnader f\u00f6r att uppr\u00e4tth\u00e5lla marginalerna, oavsett om guldpriset \u00e4r starkt eller inte. Om det \u00e4r svagt ska vi fokusera p\u00e5 att forts\u00e4tta driva en l\u00f6nsam verksamhet och generera avkastning f\u00f6r v\u00e5ra aktie\u00e4gare.&#8221;<\/p>\n<p class=\"font-sans text-base text-text-main dark:text-text-main-dark font-normal leading-[1.4]\">Sedan Jamie Beck tilltr\u00e4dde som ny vd den 7 november har han fokuserat p\u00e5 l\u00e4ra k\u00e4nna bolaget och de anst\u00e4llda.<\/p>\n<p class=\"font-sans text-base text-text-main dark:text-text-main-dark font-normal leading-[1.4]\">N\u00e4rmast kommer han fr\u00e5n rollen som vd f\u00f6r prospekteringsbolaget Filo, d\u00e4r Lundinfamiljen var st\u00f6rsta \u00e4gare. Filo f\u00f6rv\u00e4rvades i fjol av Lundin Mining och den australiska gruvj\u00e4tten BHP f\u00f6r cirka 4,5 miljarder kanadensiska dollar genom samriskbolaget Vicu\u00f1a.<\/p>\n<p class=\"font-sans text-base text-text-main dark:text-text-main-dark font-normal leading-[1.4]\">&#8221;Jag har hittills varit nere vid v\u00e5r gruva Fruta del Norte tre g\u00e5nger sedan september, s\u00e5 det har varit mycket resande&#8221;, s\u00e4ger Jamie Beck som b\u00f6rjade jobba med den d\u00e5varande vd:n Ron Hochstein redan kort efter att nyheten om vd-skiftet publicerades den 12 september i \u00e5r.<\/p>\n<p class=\"font-sans text-base text-text-main dark:text-text-main-dark font-normal leading-[1.4]\"><strong>&#8221;<\/strong>Jag kommer \u00e5ka ner igen till Ecuador i b\u00f6rjan av januari n\u00e4r vi ska lansera v\u00e5r fem\u00e5riga h\u00e5llbarhetsstrategi&#8221;, forts\u00e4tter han.<\/p>\n<p class=\"font-sans text-base text-text-main dark:text-text-main-dark font-normal leading-[1.4]\"><strong>Vilken \u00e4r den viktigaste fr\u00e5gan f\u00f6r Lundin Gold i nul\u00e4get?<\/strong><\/p>\n<p class=\"font-sans text-base text-text-main dark:text-text-main-dark font-normal leading-[1.4]\">&#8221;Jag tror att den st\u00f6rsta fr\u00e5gan \u00e4r hur vi kan f\u00e5 bolaget att v\u00e4xa ytterligare j\u00e4mf\u00f6rt med d\u00e4r vi \u00e4r i dag. Lundin Gold har varit en av de b\u00e4st presterande aktierna i b\u00e5de Kanada och Sverige i \u00e5r. Jag f\u00e5r m\u00e5nga fr\u00e5gor fr\u00e5n investerare kring hur mycket mer det finns att h\u00e4mta i aktien, s\u00e5 det \u00e4r ocks\u00e5 en utmaning.&#8221;<\/p>\n<p class=\"font-sans text-base text-text-main dark:text-text-main-dark font-normal leading-[1.4]\"><strong>Hur ser du p\u00e5 f\u00f6rv\u00e4rv?<\/strong><\/p>\n<p class=\"font-sans text-base text-text-main dark:text-text-main-dark font-normal leading-[1.4]\">&#8221;Sj\u00e4lvklart kommer vi alltid att titta p\u00e5 intressanta m\u00f6jligheter om de dyker upp, men jag tror att f\u00f6rv\u00e4rv m\u00e5ste j\u00e4mf\u00f6ras med de m\u00f6jligheter vi ser och redan har kring Fruta del Norte d\u00e4r projektering p\u00e5g\u00e5r. Lundingruppen har historiskt sett visat sig vara skickliga p\u00e5 att hitta m\u00f6jligheter d\u00e4r det kan finnas v\u00e4rden och frig\u00f6ra dem genom n\u00e5gon form av fusion eller f\u00f6rv\u00e4rv. N\u00e4r det g\u00e4ller Lundin Gold kommer vi definitivt att titta p\u00e5 saker och ting, men det \u00e4r inget vi beh\u00f6ver g\u00f6ra. Vi \u00e4r bekv\u00e4ma med hur verksamheten g\u00e5r och v\u00e5r befintliga tillv\u00e4xt&#8221;.<\/p>\n<p class=\"font-sans text-base text-text-main dark:text-text-main-dark font-normal leading-[1.4]\">En st\u00e4ndig fr\u00e5ga \u00e4r annars den om \u00e4garbilden i Lundin Gold och den st\u00f6rsta \u00e4garen Newmont som kontrollerar omkring 32 procent av bolaget.<\/p>\n<p class=\"font-sans text-base text-text-main dark:text-text-main-dark font-normal leading-[1.4]\"><strong>Har de aviserat n\u00e5got intresse f\u00f6r att k\u00f6pa hela Lundin Gold?<\/strong><\/p>\n<p class=\"font-sans text-base text-text-main dark:text-text-main-dark font-normal leading-[1.4]\">&#8221;Det jag kan s\u00e4ga \u00e4r att de har varit en v\u00e4ldigt st\u00f6ttande stor\u00e4gare. Newmont har avyttrat en del av sin portf\u00f6lj den senaste tiden och s\u00e5lt av verksamheter som de anser inte tillh\u00f6r deras k\u00e4rnverksamhet, men de har fortsatt att beh\u00e5lla Lundin Gold och st\u00f6dja det arbete vi g\u00f6r. S\u00e5 jag kan inte riktigt spekulera i vad Newmont kan komma att g\u00f6ra eller inte g\u00f6ra i framtiden&#8221;, s\u00e4ger Jamie Beck.<\/p>\n","protected":false},"excerpt":{"rendered":"Gruvbolagets nya vd Jamie Beck sp\u00e5r att aktien har mer att ge under kommande \u00e5r. &#8221;Jag tror verkligen&hellip;\n","protected":false},"author":2,"featured_media":25945,"comment_status":"","ping_status":"","sticky":false,"template":"","format":"standard","meta":{"footnotes":""},"categories":[65],"tags":[72,70,71,6644,34,31,33,32,30],"class_list":{"0":"post-114274","1":"post","2":"type-post","3":"status-publish","4":"format-standard","5":"has-post-thumbnail","7":"category-ekonomi","8":"tag-business","9":"tag-economy","10":"tag-ekonomi","11":"tag-lundin-gold","12":"tag-se","13":"tag-svenska","14":"tag-sverige","15":"tag-sweden","16":"tag-swedish"},"share_on_mastodon":{"url":"https:\/\/pubeurope.com\/@se\/115764957185977351","error":""},"_links":{"self":[{"href":"https:\/\/www.europesays.com\/se\/wp-json\/wp\/v2\/posts\/114274","targetHints":{"allow":["GET"]}}],"collection":[{"href":"https:\/\/www.europesays.com\/se\/wp-json\/wp\/v2\/posts"}],"about":[{"href":"https:\/\/www.europesays.com\/se\/wp-json\/wp\/v2\/types\/post"}],"author":[{"embeddable":true,"href":"https:\/\/www.europesays.com\/se\/wp-json\/wp\/v2\/users\/2"}],"replies":[{"embeddable":true,"href":"https:\/\/www.europesays.com\/se\/wp-json\/wp\/v2\/comments?post=114274"}],"version-history":[{"count":0,"href":"https:\/\/www.europesays.com\/se\/wp-json\/wp\/v2\/posts\/114274\/revisions"}],"wp:featuredmedia":[{"embeddable":true,"href":"https:\/\/www.europesays.com\/se\/wp-json\/wp\/v2\/media\/25945"}],"wp:attachment":[{"href":"https:\/\/www.europesays.com\/se\/wp-json\/wp\/v2\/media?parent=114274"}],"wp:term":[{"taxonomy":"category","embeddable":true,"href":"https:\/\/www.europesays.com\/se\/wp-json\/wp\/v2\/categories?post=114274"},{"taxonomy":"post_tag","embeddable":true,"href":"https:\/\/www.europesays.com\/se\/wp-json\/wp\/v2\/tags?post=114274"}],"curies":[{"name":"wp","href":"https:\/\/api.w.org\/{rel}","templated":true}]}}