{"id":114289,"date":"2025-12-22T20:08:14","date_gmt":"2025-12-22T20:08:14","guid":{"rendered":"https:\/\/www.europesays.com\/se\/114289\/"},"modified":"2025-12-22T20:08:14","modified_gmt":"2025-12-22T20:08:14","slug":"boxning-otto-wallin-om-jake-pauls-varldsmastardrommar-langt-ifran","status":"publish","type":"post","link":"https:\/\/www.europesays.com\/se\/114289\/","title":{"rendered":"Boxning: Otto Wallin om Jake Pauls v\u00e4rldsm\u00e4stardr\u00f6mmar: \u201dL\u00e5ngt ifr\u00e5n\u201d"},"content":{"rendered":"<p>H\u00f6r Otto Wallins tankar om j\u00e4ttefajten i spelaren ovan. <\/p>\n<p>Jake Paul knockades i den sj\u00e4tte ronden och fr\u00e5n sjukhuss\u00e4ngen meddelade han sedan att han brutit k\u00e4ken p\u00e5 tv\u00e5 st\u00e4llen.<\/p>\n<p>\u201dJag har k\u00f6rt h\u00e5rt i sex \u00e5r s\u00e5 nu ska jag ta en liten paus och sedan fajtas mot folk i min egen viktklass. Jag vill bli v\u00e4rldsm\u00e4stare i cruiservikt\u201d, skrev han i <a href=\"https:\/\/www.instagram.com\/p\/DSfdZQLjbf-\/?img_index=1\" rel=\"nofollow noopener\" target=\"_blank\">Instagram-inl\u00e4gget<\/a>. <\/p>\n<p>En dr\u00f6m som f\u00f6rmodligen ligger l\u00e5ngt bort i horisonten, menar svenske tungvikten Otto Wallin. <\/p>\n<p>\u201dHade inte ens kommit topp tio\u201d<\/p>\n<p>\u2013 Om han (Paul) forts\u00e4tter tr\u00e4na och utvecklas kan han s\u00e4kert bli b\u00e4ttre. Men han skulle inte bli v\u00e4rldsm\u00e4stare i dag. Jag tror inte ens att han skulle kommit in p\u00e5 topp tio i crusiervikt, s\u00e4ger Wallin till SVT Sport. <\/p>\n<p>Om man s\u00e4tter det i procent \u2013 hur stor chans har Paul att bli v\u00e4rldsm\u00e4stare?<\/p>\n<p>\u2013 Jag \u00e4r ingen matematiker, men han verkar ha ett bra team och man f\u00e5r \u00e4nd\u00e5 s\u00e4ga att han utvecklas och blir b\u00e4ttre. Han f\u00e5r forts\u00e4tta tr\u00e4na. Han har ju v\u00e4ldigt bra med pengar ocks\u00e5 s\u00e5 han har v\u00e4ldigt bra sparring och det g\u00f6r ju mycket. Det \u00e4r helt upp till honom, i dag \u00e4r han l\u00e5ngt ifr\u00e5n men man ska aldrig s\u00e4ga aldrig. Han \u00e4r ju bara 28 \u00e5r. <\/p>\n<p>Den brittiske tv\u00e5faldige tungviktsm\u00e4staren Anthony Joshua \u2013 <a href=\"https:\/\/www.svt.se\/sport\/boxning\/otto-wallin-gick-in-till-the-winner-takes-it-all-sen-brot-han-matchen\" data-discover=\"true\" rel=\"nofollow noopener\" target=\"_blank\">som slog Otto Wallin f\u00f6r n\u00e4stan ett exakt tv\u00e5 \u00e5r sedan<\/a> \u2013 ryktas m\u00f6ta landsmannen Tyson Fury i sin n\u00e4sta match. <\/p>\n<p><script async src=\"\/\/www.instagram.com\/embed.js\"><\/script><\/p>\n","protected":false},"excerpt":{"rendered":"H\u00f6r Otto Wallins tankar om j\u00e4ttefajten i spelaren ovan. Jake Paul knockades i den sj\u00e4tte ronden och fr\u00e5n&hellip;\n","protected":false},"author":2,"featured_media":114290,"comment_status":"","ping_status":"","sticky":false,"template":"","format":"standard","meta":{"footnotes":""},"categories":[5],"tags":[22,23,26,27,17,21,24,25,28,29,15,16,18,34,31,33,32,30,19,20],"class_list":{"0":"post-114289","1":"post","2":"type-post","3":"status-publish","4":"format-standard","5":"has-post-thumbnail","7":"category-rubriker","8":"tag-breaking-news","9":"tag-breakingnews","10":"tag-featured-news","11":"tag-featurednews","12":"tag-headlines","13":"tag-huvudnyheter","14":"tag-latest-news","15":"tag-latestnews","16":"tag-main-news","17":"tag-mainnews","18":"tag-news","19":"tag-nyheter","20":"tag-rubriker","21":"tag-se","22":"tag-svenska","23":"tag-sverige","24":"tag-sweden","25":"tag-swedish","26":"tag-top-stories","27":"tag-topstories"},"share_on_mastodon":{"url":"https:\/\/pubeurope.com\/@se\/115765031916852326","error":""},"_links":{"self":[{"href":"https:\/\/www.europesays.com\/se\/wp-json\/wp\/v2\/posts\/114289","targetHints":{"allow":["GET"]}}],"collection":[{"href":"https:\/\/www.europesays.com\/se\/wp-json\/wp\/v2\/posts"}],"about":[{"href":"https:\/\/www.europesays.com\/se\/wp-json\/wp\/v2\/types\/post"}],"author":[{"embeddable":true,"href":"https:\/\/www.europesays.com\/se\/wp-json\/wp\/v2\/users\/2"}],"replies":[{"embeddable":true,"href":"https:\/\/www.europesays.com\/se\/wp-json\/wp\/v2\/comments?post=114289"}],"version-history":[{"count":0,"href":"https:\/\/www.europesays.com\/se\/wp-json\/wp\/v2\/posts\/114289\/revisions"}],"wp:featuredmedia":[{"embeddable":true,"href":"https:\/\/www.europesays.com\/se\/wp-json\/wp\/v2\/media\/114290"}],"wp:attachment":[{"href":"https:\/\/www.europesays.com\/se\/wp-json\/wp\/v2\/media?parent=114289"}],"wp:term":[{"taxonomy":"category","embeddable":true,"href":"https:\/\/www.europesays.com\/se\/wp-json\/wp\/v2\/categories?post=114289"},{"taxonomy":"post_tag","embeddable":true,"href":"https:\/\/www.europesays.com\/se\/wp-json\/wp\/v2\/tags?post=114289"}],"curies":[{"name":"wp","href":"https:\/\/api.w.org\/{rel}","templated":true}]}}