{"id":114301,"date":"2025-12-22T20:27:08","date_gmt":"2025-12-22T20:27:08","guid":{"rendered":"https:\/\/www.europesays.com\/se\/114301\/"},"modified":"2025-12-22T20:27:08","modified_gmt":"2025-12-22T20:27:08","slug":"efter-granskning-jourhemsplacerade-elsa-far-flytta-till-en-slakting-p4-orebro","status":"publish","type":"post","link":"https:\/\/www.europesays.com\/se\/114301\/","title":{"rendered":"Efter\u00a0granskning: Jourhemsplacerade Elsa f\u00e5r flytta till en sl\u00e4kting &#8211; P4 \u00d6rebro"},"content":{"rendered":"<p>\u2013 Det k\u00e4nns j\u00e4tte, j\u00e4ttebra. Jag har precis f\u00e5tt beskedet att hon ska f\u00e5 komma hem till sl\u00e4kten och hon ska f\u00e5 fira jul med dem hon k\u00e4nner. Det k\u00e4nns som ett j\u00e4ttestort och viktigt steg fram\u00e5t f\u00f6r oss, s\u00e4ger pappa Joakim. \u00a0<\/p>\n<p>Flickan, som vi kallar Elsa, har en allvarlig tarmsjukdom. Mammans s\u00e4tt att hantera sin dotters sjukdom inneb\u00e4r, enligt domstolen, en risk f\u00f6r att flickans h\u00e4lsa och utveckling skadas. D\u00e4rf\u00f6r \u00e4r hon sedan ett halv\u00e5r tv\u00e5ngsomh\u00e4ndertagen.\u00a0\u00a0<\/p>\n<p>Men eftersom pappan inte tycker att mamman gjort n\u00e5got fel f\u00e5r inte han heller ha kontakt med sin dotter. Socialtj\u00e4nsten h\u00e4nvisar till att hon ska kunna observeras objektivt av sjukv\u00e5rden utan p\u00e5verkan av v\u00e5rdnadshavarna.\u00a0<\/p>\n<p>Elsa, som under ett halv\u00e5r varit placerad i ett jourhem, har sj\u00e4lv varit tydlig med att hon vill komma hem. Trots det fick hon och f\u00f6r\u00e4ldrarna nyligen besked om att Socialtj\u00e4nsten ville flytta henne till ett familjehem, p\u00e5 l\u00e4ngre sikt.\u00a0\u00a0<\/p>\n<p>Men efter Ekots och Kalibers rapportering om felaktigheter i sjukv\u00e5rdens orosanm\u00e4lningar och brister i socialtj\u00e4nstens egen utredning s\u00e5 valde socialtj\u00e4nsten att dra tillbaka f\u00f6rslaget om familjehemsplaceringen och i st\u00e4llet g\u00e5 vidare med ett av alla f\u00f6r\u00e4ldrarnas f\u00f6rslag till placeringar hos deras sl\u00e4kt och n\u00e4tverk.\u00a0Elsas mamma Viktoria \u00e4r ocks\u00e5 l\u00e4ttad \u00f6ver beskedet.\u00a0\u00a0<\/p>\n<p>\u2013 Det har varit n\u00e5gonting som vi har k\u00e4mpat f\u00f6r, f\u00f6r att hon ska f\u00e5 vara i ett tryggare sammanhang.\u00a0<\/p>\n<p><strong>Vet du hur din dotter sj\u00e4lv har reagerat p\u00e5 det h\u00e4r? <\/strong>\u00a0<br \/>\u00a0<br \/>\u2013 Ja, jag fr\u00e5gade socialtj\u00e4nsten och de f\u00f6rklarade f\u00f6r mig att hon blev v\u00e4ldigt glad. Hon tyckte att det skulle vara v\u00e4ldigt kul att f\u00e5 vara med dem hon k\u00e4nner. Och det g\u00f6r ju mig j\u00e4tteglad.<\/p>\n<p>Elsa f\u00e5r dock fortfarande inte prata med eller tr\u00e4ffa sina f\u00f6r\u00e4ldrar. F\u00f6ruts\u00e4ttningen f\u00f6r att hon ska f\u00e5 vara hos sl\u00e4ktingar \u00e4r att de ser till att hon inte f\u00e5r prata med eller tr\u00e4ffa sina f\u00f6r\u00e4ldrar. Ekot s\u00f6ker socialtj\u00e4nsten, som tidigare inte har st\u00e4llt upp p\u00e5 n\u00e5gon intervju och h\u00e4nvisning till att det \u00e4r f\u00f6r barnets b\u00e4sta.\u00a0\u00a0\u00a0<\/p>\n<p>I SR-appen kan du h\u00f6ra alla tre delar i Ekots och Kalibers granskning: <a class=\"internal-link\" target=\"_self\" href=\"https:\/\/www.sverigesradio.se\/avsnitt\/elsa-far-inte-komma-hem-del-1-3\" rel=\"nofollow noopener\">Elsa f\u00e5r inte komma hem\u00a0<\/a><\/p>\n<p class=\"byline\">Maria Ridderstedt<br \/><a class=\"internal-link\" target=\"_self\" href=\"https:\/\/www.sverigesradio.se\/artikel\/mailto:maria.ridderstedt@sverigesradio.se\" rel=\"nofollow noopener\">maria.ridderstedt@sverigesradio.se<\/a><\/p>\n","protected":false},"excerpt":{"rendered":"\u2013 Det k\u00e4nns j\u00e4tte, j\u00e4ttebra. Jag har precis f\u00e5tt beskedet att hon ska f\u00e5 komma hem till sl\u00e4kten&hellip;\n","protected":false},"author":2,"featured_media":114302,"comment_status":"","ping_status":"","sticky":false,"template":"","format":"standard","meta":{"footnotes":""},"categories":[12],"tags":[22,23,26,27,17,21,24,25,28,29,15,16,18,34,31,33,6775,32,30,19,20],"class_list":{"0":"post-114301","1":"post","2":"type-post","3":"status-publish","4":"format-standard","5":"has-post-thumbnail","7":"category-sverige","8":"tag-breaking-news","9":"tag-breakingnews","10":"tag-featured-news","11":"tag-featurednews","12":"tag-headlines","13":"tag-huvudnyheter","14":"tag-latest-news","15":"tag-latestnews","16":"tag-main-news","17":"tag-mainnews","18":"tag-news","19":"tag-nyheter","20":"tag-rubriker","21":"tag-se","22":"tag-svenska","23":"tag-sverige","24":"tag-sveriges-radio-rebro-p4-lokala-nyheter-lokala-aktualiteter-lokal-kultur","25":"tag-sweden","26":"tag-swedish","27":"tag-top-stories","28":"tag-topstories"},"share_on_mastodon":{"url":"https:\/\/pubeurope.com\/@se\/115765106619320914","error":""},"_links":{"self":[{"href":"https:\/\/www.europesays.com\/se\/wp-json\/wp\/v2\/posts\/114301","targetHints":{"allow":["GET"]}}],"collection":[{"href":"https:\/\/www.europesays.com\/se\/wp-json\/wp\/v2\/posts"}],"about":[{"href":"https:\/\/www.europesays.com\/se\/wp-json\/wp\/v2\/types\/post"}],"author":[{"embeddable":true,"href":"https:\/\/www.europesays.com\/se\/wp-json\/wp\/v2\/users\/2"}],"replies":[{"embeddable":true,"href":"https:\/\/www.europesays.com\/se\/wp-json\/wp\/v2\/comments?post=114301"}],"version-history":[{"count":0,"href":"https:\/\/www.europesays.com\/se\/wp-json\/wp\/v2\/posts\/114301\/revisions"}],"wp:featuredmedia":[{"embeddable":true,"href":"https:\/\/www.europesays.com\/se\/wp-json\/wp\/v2\/media\/114302"}],"wp:attachment":[{"href":"https:\/\/www.europesays.com\/se\/wp-json\/wp\/v2\/media?parent=114301"}],"wp:term":[{"taxonomy":"category","embeddable":true,"href":"https:\/\/www.europesays.com\/se\/wp-json\/wp\/v2\/categories?post=114301"},{"taxonomy":"post_tag","embeddable":true,"href":"https:\/\/www.europesays.com\/se\/wp-json\/wp\/v2\/tags?post=114301"}],"curies":[{"name":"wp","href":"https:\/\/api.w.org\/{rel}","templated":true}]}}