{"id":114305,"date":"2025-12-22T20:35:32","date_gmt":"2025-12-22T20:35:32","guid":{"rendered":"https:\/\/www.europesays.com\/se\/114305\/"},"modified":"2025-12-22T20:35:32","modified_gmt":"2025-12-22T20:35:32","slug":"130-kidnappade-skolbarn-fran-katolsk-skola-ar-fria","status":"publish","type":"post","link":"https:\/\/www.europesays.com\/se\/114305\/","title":{"rendered":"130 kidnappade skolbarn fr\u00e5n katolsk skola \u00e4r fria"},"content":{"rendered":"<p class=\"kicker color_mobile_no_bg_color tertiary color_mobile_tertiary\" style=\"\">Nyheter<\/p>\n<p>    En regeringsk\u00e4lla i Nigeria s\u00e4ger att 130 skolbarn som kidnappats har blivit fria. Enligt regeringens talesperson Sunday Dare \u00e4r d\u00e4rmed samtliga barn som kidnappades fr\u00e5n en katolsk skola i november fria. <\/p>\n<p>\n        F\u00f6r\u00e4ldrar till skolbarn som bortr\u00f6vats i delstaten Niger i Nigeria. Arkivbild.<br \/>\n        AP\/TT\n    <\/p>\n<p>Barnen f\u00f6rdes bort fr\u00e5n skolan i staden Papiri i delstaten Nigeria. \u00d6ver 300 personer rapporterades ha r\u00f6vats bort i angreppet i november. Runt 50 har tidigare lyckats fly och ytterligare 100 kidnappade sl\u00e4pptes fria tidigare i december enligt lokala medier och FN-k\u00e4llor. <\/p>\n","protected":false},"excerpt":{"rendered":"Nyheter En regeringsk\u00e4lla i Nigeria s\u00e4ger att 130 skolbarn som kidnappats har blivit fria. Enligt regeringens talesperson Sunday&hellip;\n","protected":false},"author":2,"featured_media":114306,"comment_status":"","ping_status":"","sticky":false,"template":"","format":"standard","meta":{"footnotes":""},"categories":[14],"tags":[22,23,26,27,17,21,24,25,28,29,15,16,18,34,31,33,32,30,19,20,51,52,53,54],"class_list":{"0":"post-114305","1":"post","2":"type-post","3":"status-publish","4":"format-standard","5":"has-post-thumbnail","7":"category-varlden","8":"tag-breaking-news","9":"tag-breakingnews","10":"tag-featured-news","11":"tag-featurednews","12":"tag-headlines","13":"tag-huvudnyheter","14":"tag-latest-news","15":"tag-latestnews","16":"tag-main-news","17":"tag-mainnews","18":"tag-news","19":"tag-nyheter","20":"tag-rubriker","21":"tag-se","22":"tag-svenska","23":"tag-sverige","24":"tag-sweden","25":"tag-swedish","26":"tag-top-stories","27":"tag-topstories","28":"tag-varlden","29":"tag-world","30":"tag-world-news","31":"tag-worldnews"},"share_on_mastodon":{"url":"https:\/\/pubeurope.com\/@se\/115765138233506614","error":""},"_links":{"self":[{"href":"https:\/\/www.europesays.com\/se\/wp-json\/wp\/v2\/posts\/114305","targetHints":{"allow":["GET"]}}],"collection":[{"href":"https:\/\/www.europesays.com\/se\/wp-json\/wp\/v2\/posts"}],"about":[{"href":"https:\/\/www.europesays.com\/se\/wp-json\/wp\/v2\/types\/post"}],"author":[{"embeddable":true,"href":"https:\/\/www.europesays.com\/se\/wp-json\/wp\/v2\/users\/2"}],"replies":[{"embeddable":true,"href":"https:\/\/www.europesays.com\/se\/wp-json\/wp\/v2\/comments?post=114305"}],"version-history":[{"count":0,"href":"https:\/\/www.europesays.com\/se\/wp-json\/wp\/v2\/posts\/114305\/revisions"}],"wp:featuredmedia":[{"embeddable":true,"href":"https:\/\/www.europesays.com\/se\/wp-json\/wp\/v2\/media\/114306"}],"wp:attachment":[{"href":"https:\/\/www.europesays.com\/se\/wp-json\/wp\/v2\/media?parent=114305"}],"wp:term":[{"taxonomy":"category","embeddable":true,"href":"https:\/\/www.europesays.com\/se\/wp-json\/wp\/v2\/categories?post=114305"},{"taxonomy":"post_tag","embeddable":true,"href":"https:\/\/www.europesays.com\/se\/wp-json\/wp\/v2\/tags?post=114305"}],"curies":[{"name":"wp","href":"https:\/\/api.w.org\/{rel}","templated":true}]}}