{"id":114313,"date":"2025-12-22T20:44:36","date_gmt":"2025-12-22T20:44:36","guid":{"rendered":"https:\/\/www.europesays.com\/se\/114313\/"},"modified":"2025-12-22T20:44:36","modified_gmt":"2025-12-22T20:44:36","slug":"snochanserna-for-julen","status":"publish","type":"post","link":"https:\/\/www.europesays.com\/se\/114313\/","title":{"rendered":"Sn\u00f6chanserna f\u00f6r julen"},"content":{"rendered":"<p>Publicerad 22 dec 2025 kl 16.27Uppdaterad kl 17.38<\/p>\n<p>Dan f\u00f6re dan f\u00f6re dopparedan bjuder p\u00e5 en sn\u00f6fattig prognos.<\/p>\n<p>Men hoppet om ett julmirakel lever.<\/p>\n<p>\u2013 M\u00f6jligtvis drar det in lite l\u00e4ttare sn\u00f6byar, s\u00e4ger meteorologen Linnea Rehn Wittskog.<\/p>\n<p><img   alt=\"\"\/><\/p>\n<p>Hoppet om en vit jul lever i vissa delar av landet.<\/p>\n<p>Foto: Jens Lindstr\u00f6m \/ TT NYHETSBYR\u00c5N<\/p>\n<p>\u00d6ppna bild i helsk\u00e4rm<img loading=\"lazy\"   alt=\"\"\/><\/p>\n<p>\u201dM\u00f6jligtvis drar det in lite l\u00e4ttare sn\u00f6byar\u201d, s\u00e4ger meteorologen Linnea Rehn Wittskog.<\/p>\n<p>Foto: Janerik Henriksson\/TT \/ TT NYHETSBYR\u00c5N<\/p>\n<p>\u00d6ppna bild i helsk\u00e4rm<\/p>\n<p>I norra Dalarna och upp \u00f6ver delar av Norrland har landskapet kl\u00e4tt om till sin vita skrud, till skillnad fr\u00e5n resten av Sverige.<\/p>\n<p>\u2013 Det \u00e4r ovanligt lite sn\u00f6 i \u00e5r j\u00e4mf\u00f6rt med hur det brukar vara och det ser inte ut att komma j\u00e4ttemycket mer \u00e4n det som redan ligger, s\u00e4ger Linnea Rehn Wittskog, meteorolog p\u00e5 <a href=\"https:\/\/www.expressen.se\/tagg\/organization\/smhi\/\" class=\"\" rel=\"nofollow noopener\" target=\"_blank\">SMHI<\/a>.<\/p>\n<p>F\u00f6r de som dr\u00f6mmer om en vit jul i de s\u00f6dra delarna av landet kan tisdagens nederb\u00f6rdsomr\u00e5de fr\u00e5n Uppland ner till Sm\u00e5landskusten vara r\u00e4ddningen.<\/p>\n<p>\u2013 Det skulle kunna smita in \u00f6ver de \u00f6stra delarna av G\u00f6taland och Svealand med n\u00e5gra sn\u00f6flingor, men det blir mest sannolikt skurar. Fr\u00e4mst \u00e4r det frosten i omr\u00e5det som kan bidra med lite vitt p\u00e5 marken, s\u00e4ger Linnea Rehn Wittskog.<\/p>\n<p>S\u00e5 \u00e4r sn\u00f6chanserna f\u00f6r ny\u00e5r<\/p>\n<p>Efter en <a href=\"https:\/\/www.expressen.se\/nyheter\/sverige\/dystra-beskedet-nastan-noll-timmar-sol-i-stockholm\/\" rel=\"nofollow noopener\" target=\"_blank\">ovanligt gr\u00e5 december<\/a> v\u00e4ntas solen titta fram \u00f6ver stora delar av s\u00f6dra Sverige p\u00e5 julafton, med temperaturer p\u00e5 n\u00e5gon eller n\u00e5gra minusgrader.<\/p>\n<p>\u2013 I norr ser det ut att bli tv\u00e4rtom, med moln, mildare luft och temperaturer fr\u00e5n runt nollan till n\u00e5gon enstaka plusgrad, s\u00e4ger Rehn Wittskog.<\/p>\n<p>P\u00e5 juldagen kommer den mildare luften leta sig ner s\u00f6derut, innan det snabbt v\u00e4nder tillbaka till nollgradigt n\u00e5gon dag senare.<\/p>\n<p>\u2013 Om man blickar fram\u00e5t kommer det att se liknande ut n\u00e4r vi g\u00e5r mot ny\u00e5rshelgen. Det \u00e4r egentligen bara fj\u00e4lltrakterna som v\u00e4ntas f\u00e5 mer sn\u00f6 den kommande veckan, s\u00e4ger Rehn Wittskog.<\/p>\n","protected":false},"excerpt":{"rendered":"Publicerad 22 dec 2025 kl 16.27Uppdaterad kl 17.38 Dan f\u00f6re dan f\u00f6re dopparedan bjuder p\u00e5 en sn\u00f6fattig prognos.&hellip;\n","protected":false},"author":2,"featured_media":114314,"comment_status":"","ping_status":"","sticky":false,"template":"","format":"standard","meta":{"footnotes":""},"categories":[12],"tags":[22,23,26,27,17,21,24,25,28,29,15,16,288,18,34,154,31,33,32,30,19,290,20],"class_list":{"0":"post-114313","1":"post","2":"type-post","3":"status-publish","4":"format-standard","5":"has-post-thumbnail","7":"category-sverige","8":"tag-breaking-news","9":"tag-breakingnews","10":"tag-featured-news","11":"tag-featurednews","12":"tag-headlines","13":"tag-huvudnyheter","14":"tag-latest-news","15":"tag-latestnews","16":"tag-main-news","17":"tag-mainnews","18":"tag-news","19":"tag-nyheter","20":"tag-organization-smhi","21":"tag-rubriker","22":"tag-se","23":"tag-sections-sverige","24":"tag-svenska","25":"tag-sverige","26":"tag-sweden","27":"tag-swedish","28":"tag-top-stories","29":"tag-topic-vaderprognos","30":"tag-topstories"},"share_on_mastodon":{"url":"https:\/\/pubeurope.com\/@se\/115765173519332503","error":""},"_links":{"self":[{"href":"https:\/\/www.europesays.com\/se\/wp-json\/wp\/v2\/posts\/114313","targetHints":{"allow":["GET"]}}],"collection":[{"href":"https:\/\/www.europesays.com\/se\/wp-json\/wp\/v2\/posts"}],"about":[{"href":"https:\/\/www.europesays.com\/se\/wp-json\/wp\/v2\/types\/post"}],"author":[{"embeddable":true,"href":"https:\/\/www.europesays.com\/se\/wp-json\/wp\/v2\/users\/2"}],"replies":[{"embeddable":true,"href":"https:\/\/www.europesays.com\/se\/wp-json\/wp\/v2\/comments?post=114313"}],"version-history":[{"count":0,"href":"https:\/\/www.europesays.com\/se\/wp-json\/wp\/v2\/posts\/114313\/revisions"}],"wp:featuredmedia":[{"embeddable":true,"href":"https:\/\/www.europesays.com\/se\/wp-json\/wp\/v2\/media\/114314"}],"wp:attachment":[{"href":"https:\/\/www.europesays.com\/se\/wp-json\/wp\/v2\/media?parent=114313"}],"wp:term":[{"taxonomy":"category","embeddable":true,"href":"https:\/\/www.europesays.com\/se\/wp-json\/wp\/v2\/categories?post=114313"},{"taxonomy":"post_tag","embeddable":true,"href":"https:\/\/www.europesays.com\/se\/wp-json\/wp\/v2\/tags?post=114313"}],"curies":[{"name":"wp","href":"https:\/\/api.w.org\/{rel}","templated":true}]}}