{"id":114319,"date":"2025-12-22T20:51:07","date_gmt":"2025-12-22T20:51:07","guid":{"rendered":"https:\/\/www.europesays.com\/se\/114319\/"},"modified":"2025-12-22T20:51:07","modified_gmt":"2025-12-22T20:51:07","slug":"terrorhyllande-forfattare-stoppas-efter-avslojande","status":"publish","type":"post","link":"https:\/\/www.europesays.com\/se\/114319\/","title":{"rendered":"Terrorhyllande f\u00f6rfattare stoppas efter avsl\u00f6jande"},"content":{"rendered":"<p>Lunds kommun har planerat att st\u00f6tta en palestinsk f\u00f6rfattare som uttryckt st\u00f6d f\u00f6r terrorst\u00e4mplade grupper och hyllat Hamas attack mot Israel h\u00f6sten 2023, rapporterar Expressen. <\/p>\n<p>Det r\u00f6r sig om ett stipendium p\u00e5 10\u202f000 kronor i m\u00e5naden som betalas ut inom ramen f\u00f6r ett initiativ d\u00e4r demokratiska l\u00e4nder \u2013 d\u00e4ribland Sverige \u2013 tar emot utl\u00e4ndska f\u00f6rfattare under tv\u00e5 \u00e5rs tid. I det ing\u00e5r en m\u00f6blerad l\u00e4genhet, och den totala summan landar p\u00e5 drygt 460\u202f000 kronor per \u00e5r.<\/p>\n<p>Dagen efter en f\u00f6rsta intervju med tidningen meddelar kommunen att det ska inledas ett \u00e4rende, i syfte att avsluta stipendiet.<\/p>\n<p>\u2013 Hade vi vetat om det h\u00e4r s\u00e5 hade vi inte bjudit in f\u00f6rfattaren, s\u00e4ger kulturchefen M\u00e5rthen Mirza.<\/p>\n<p>Omni \u00e4r politiskt obundna och oberoende. Vi str\u00e4var efter att ge fler perspektiv p\u00e5 nyheterna. Har du fr\u00e5gor eller synpunkter kring v\u00e5r rapportering? <a href=\"https:\/\/omni.se\/terrorhyllande-forfattare-stoppas-efter-avslojande\/a\/mailto:redaktion@omni.se\" class=\"ArticleActions_contactLink__W2F1M\" rel=\"nofollow noopener\" target=\"_blank\">Kontakta redaktionen<\/a><\/p>\n","protected":false},"excerpt":{"rendered":"Lunds kommun har planerat att st\u00f6tta en palestinsk f\u00f6rfattare som uttryckt st\u00f6d f\u00f6r terrorst\u00e4mplade grupper och hyllat Hamas&hellip;\n","protected":false},"author":2,"featured_media":114320,"comment_status":"","ping_status":"","sticky":false,"template":"","format":"standard","meta":{"footnotes":""},"categories":[14],"tags":[22,23,26,27,122,17,21,342,24,25,28,29,124,125,15,16,18,34,31,33,32,30,19,20,51,52,53,54],"class_list":{"0":"post-114319","1":"post","2":"type-post","3":"status-publish","4":"format-standard","5":"has-post-thumbnail","7":"category-varlden","8":"tag-breaking-news","9":"tag-breakingnews","10":"tag-featured-news","11":"tag-featurednews","12":"tag-hamas","13":"tag-headlines","14":"tag-huvudnyheter","15":"tag-israel","16":"tag-latest-news","17":"tag-latestnews","18":"tag-main-news","19":"tag-mainnews","20":"tag-mellanostern","21":"tag-mellanosternkrisen","22":"tag-news","23":"tag-nyheter","24":"tag-rubriker","25":"tag-se","26":"tag-svenska","27":"tag-sverige","28":"tag-sweden","29":"tag-swedish","30":"tag-top-stories","31":"tag-topstories","32":"tag-varlden","33":"tag-world","34":"tag-world-news","35":"tag-worldnews"},"share_on_mastodon":{"url":"https:\/\/pubeurope.com\/@se\/115765201319799694","error":""},"_links":{"self":[{"href":"https:\/\/www.europesays.com\/se\/wp-json\/wp\/v2\/posts\/114319","targetHints":{"allow":["GET"]}}],"collection":[{"href":"https:\/\/www.europesays.com\/se\/wp-json\/wp\/v2\/posts"}],"about":[{"href":"https:\/\/www.europesays.com\/se\/wp-json\/wp\/v2\/types\/post"}],"author":[{"embeddable":true,"href":"https:\/\/www.europesays.com\/se\/wp-json\/wp\/v2\/users\/2"}],"replies":[{"embeddable":true,"href":"https:\/\/www.europesays.com\/se\/wp-json\/wp\/v2\/comments?post=114319"}],"version-history":[{"count":0,"href":"https:\/\/www.europesays.com\/se\/wp-json\/wp\/v2\/posts\/114319\/revisions"}],"wp:featuredmedia":[{"embeddable":true,"href":"https:\/\/www.europesays.com\/se\/wp-json\/wp\/v2\/media\/114320"}],"wp:attachment":[{"href":"https:\/\/www.europesays.com\/se\/wp-json\/wp\/v2\/media?parent=114319"}],"wp:term":[{"taxonomy":"category","embeddable":true,"href":"https:\/\/www.europesays.com\/se\/wp-json\/wp\/v2\/categories?post=114319"},{"taxonomy":"post_tag","embeddable":true,"href":"https:\/\/www.europesays.com\/se\/wp-json\/wp\/v2\/tags?post=114319"}],"curies":[{"name":"wp","href":"https:\/\/api.w.org\/{rel}","templated":true}]}}