{"id":114321,"date":"2025-12-22T20:52:26","date_gmt":"2025-12-22T20:52:26","guid":{"rendered":"https:\/\/www.europesays.com\/se\/114321\/"},"modified":"2025-12-22T20:52:26","modified_gmt":"2025-12-22T20:52:26","slug":"vi-har-gjort-allt-ratt-varfor-ska-vi-tvingas-bort","status":"publish","type":"post","link":"https:\/\/www.europesays.com\/se\/114321\/","title":{"rendered":"Vi har gjort allt r\u00e4tt \u2013 varf\u00f6r ska vi tvingas bort?"},"content":{"rendered":"<p>B\u00e4sta ansvariga. Vi \u00e4r m\u00e4nniskor som under m\u00e5nga \u00e5r har levt, arbetat, betalat skatt, l\u00e4rt oss svenska och integrerats i det svenska samh\u00e4llet. Trots detta befinner vi oss idag i ovisshet p\u00e5 grund av avskaffandet av sp\u00e5rbytet f\u00f6r arbetskraftsinvandring. Vi har:<\/p>\n<ul>\n<li>F\u00f6ljt alla lagar och regler.<\/li>\n<li>Arbetat, startat f\u00f6retag och bidragit till ekonomin.<\/li>\n<li>L\u00e4rt oss svenska och anv\u00e4nder spr\u00e5ket dagligen.<\/li>\n<li>Integrerats socialt, kulturellt och yrkesm\u00e4ssigt.<\/li>\n<li>Sett Sverige som v\u00e5rt hem.<\/li>\n<\/ul>\n<p>Fr\u00e5gan \u00e4r enkel: Varf\u00f6r riskera att f\u00f6rlora m\u00e4nniskor som redan bidrar och \u00e4r etablerade? Vi ber inte om privilegier. Vi ber om r\u00e4ttvisa, om erk\u00e4nnande av v\u00e5rt arbete, v\u00e5ra liv och v\u00e5r integration.<\/p>\n<p>V\u00e5rt krav \u00e4r tydligt och r\u00e4ttvist: F\u00f6r denna begr\u00e4nsade och tydligt definierade grupp av sp\u00e5rbytare b\u00f6r b\u00e5de f\u00f6rl\u00e4ngning av uppeh\u00e5llstillst\u00e5nd och permanent uppeh\u00e5llstillst\u00e5nd beviljas p\u00e5 grundval av deras etablering och dokumenterade bidrag till Sverige.<\/p>\n<p>Ett s\u00e5dant beslut st\u00e4rker inte bara v\u00e5ra liv, utan \u00e4ven Sveriges r\u00e4ttvisa rykte, humanitet och internationella f\u00f6rtroende.<\/p>\n<p>Vi \u00e4r h\u00e4r. Vi arbetar, vi bidrar, vi blir en del av Sverige. Sverige \u00e4r v\u00e5rt hem.<\/p>\n","protected":false},"excerpt":{"rendered":"B\u00e4sta ansvariga. Vi \u00e4r m\u00e4nniskor som under m\u00e5nga \u00e5r har levt, arbetat, betalat skatt, l\u00e4rt oss svenska och&hellip;\n","protected":false},"author":2,"featured_media":114322,"comment_status":"","ping_status":"","sticky":false,"template":"","format":"standard","meta":{"footnotes":""},"categories":[12],"tags":[22,23,26,27,17,21,24,25,28,29,15,16,18,34,31,33,32,30,19,20],"class_list":{"0":"post-114321","1":"post","2":"type-post","3":"status-publish","4":"format-standard","5":"has-post-thumbnail","7":"category-sverige","8":"tag-breaking-news","9":"tag-breakingnews","10":"tag-featured-news","11":"tag-featurednews","12":"tag-headlines","13":"tag-huvudnyheter","14":"tag-latest-news","15":"tag-latestnews","16":"tag-main-news","17":"tag-mainnews","18":"tag-news","19":"tag-nyheter","20":"tag-rubriker","21":"tag-se","22":"tag-svenska","23":"tag-sverige","24":"tag-sweden","25":"tag-swedish","26":"tag-top-stories","27":"tag-topstories"},"share_on_mastodon":{"url":"https:\/\/pubeurope.com\/@se\/115765204991806371","error":""},"_links":{"self":[{"href":"https:\/\/www.europesays.com\/se\/wp-json\/wp\/v2\/posts\/114321","targetHints":{"allow":["GET"]}}],"collection":[{"href":"https:\/\/www.europesays.com\/se\/wp-json\/wp\/v2\/posts"}],"about":[{"href":"https:\/\/www.europesays.com\/se\/wp-json\/wp\/v2\/types\/post"}],"author":[{"embeddable":true,"href":"https:\/\/www.europesays.com\/se\/wp-json\/wp\/v2\/users\/2"}],"replies":[{"embeddable":true,"href":"https:\/\/www.europesays.com\/se\/wp-json\/wp\/v2\/comments?post=114321"}],"version-history":[{"count":0,"href":"https:\/\/www.europesays.com\/se\/wp-json\/wp\/v2\/posts\/114321\/revisions"}],"wp:featuredmedia":[{"embeddable":true,"href":"https:\/\/www.europesays.com\/se\/wp-json\/wp\/v2\/media\/114322"}],"wp:attachment":[{"href":"https:\/\/www.europesays.com\/se\/wp-json\/wp\/v2\/media?parent=114321"}],"wp:term":[{"taxonomy":"category","embeddable":true,"href":"https:\/\/www.europesays.com\/se\/wp-json\/wp\/v2\/categories?post=114321"},{"taxonomy":"post_tag","embeddable":true,"href":"https:\/\/www.europesays.com\/se\/wp-json\/wp\/v2\/tags?post=114321"}],"curies":[{"name":"wp","href":"https:\/\/api.w.org\/{rel}","templated":true}]}}