{"id":114325,"date":"2025-12-22T20:56:33","date_gmt":"2025-12-22T20:56:33","guid":{"rendered":"https:\/\/www.europesays.com\/se\/114325\/"},"modified":"2025-12-22T20:56:33","modified_gmt":"2025-12-22T20:56:33","slug":"dn-direkt-barry-manilow-opereras-for-lungcancer-2","status":"publish","type":"post","link":"https:\/\/www.europesays.com\/se\/114325\/","title":{"rendered":"DN Direkt \u2013 Barry Manilow opereras f\u00f6r lungcancer"},"content":{"rendered":"<p>Stockholmsb\u00f6rsen st\u00e4ngde svagt upp\u00e5t. Breda OMXS-index avslutade m\u00e5ndagen p\u00e5 plus 0,3 procent.<\/p>\n<p>Riskkapitalbolaget EQT meddelade att man k\u00f6per Arlanda Express, aktien steg 1,7 procent.<\/p>\n<p>Byggj\u00e4tten Skanska steg 1,2 procent, sedan f\u00f6retaget tillk\u00e4nnagivit ett kontrakt om motorv\u00e4gsbygge i Kalifornien i USA, ett avtal v\u00e4rt 1,1 miljarder kronor.<\/p>\n<p>\u00c4ven f\u00f6rsvarskoncernen Saab kl\u00e4ttrade, 0,9 procent.<\/p>\n<p>Bland bolagen som backade m\u00e4rks tele- och internetoperat\u00f6ren Tele2 som sj\u00f6nk 0,8 procent. L\u00e4kemedelsj\u00e4tten Astra Zeneca, v\u00e4rmepumptillverkaren Nibe och mjukpappersbolaget Essity sj\u00f6nk alla omkring 0,6 procent.<\/p>\n<p>Utanf\u00f6r OMXS30-listan med de mest omsatta aktierna m\u00e4rks en tydlig nedg\u00e5ng f\u00f6r n\u00e4tapoteksbolaget Apotea som tappade 4,1 procent.<\/p>\n","protected":false},"excerpt":{"rendered":"Stockholmsb\u00f6rsen st\u00e4ngde svagt upp\u00e5t. Breda OMXS-index avslutade m\u00e5ndagen p\u00e5 plus 0,3 procent. Riskkapitalbolaget EQT meddelade att man k\u00f6per&hellip;\n","protected":false},"author":2,"featured_media":114239,"comment_status":"","ping_status":"","sticky":false,"template":"","format":"standard","meta":{"footnotes":""},"categories":[67],"tags":[104,34,31,33,32,30,105],"class_list":{"0":"post-114325","1":"post","2":"type-post","3":"status-publish","4":"format-standard","5":"has-post-thumbnail","7":"category-underhallning","8":"tag-entertainment","9":"tag-se","10":"tag-svenska","11":"tag-sverige","12":"tag-sweden","13":"tag-swedish","14":"tag-underhallning"},"share_on_mastodon":{"url":"https:\/\/pubeurope.com\/@se\/115765220575309805","error":""},"_links":{"self":[{"href":"https:\/\/www.europesays.com\/se\/wp-json\/wp\/v2\/posts\/114325","targetHints":{"allow":["GET"]}}],"collection":[{"href":"https:\/\/www.europesays.com\/se\/wp-json\/wp\/v2\/posts"}],"about":[{"href":"https:\/\/www.europesays.com\/se\/wp-json\/wp\/v2\/types\/post"}],"author":[{"embeddable":true,"href":"https:\/\/www.europesays.com\/se\/wp-json\/wp\/v2\/users\/2"}],"replies":[{"embeddable":true,"href":"https:\/\/www.europesays.com\/se\/wp-json\/wp\/v2\/comments?post=114325"}],"version-history":[{"count":0,"href":"https:\/\/www.europesays.com\/se\/wp-json\/wp\/v2\/posts\/114325\/revisions"}],"wp:featuredmedia":[{"embeddable":true,"href":"https:\/\/www.europesays.com\/se\/wp-json\/wp\/v2\/media\/114239"}],"wp:attachment":[{"href":"https:\/\/www.europesays.com\/se\/wp-json\/wp\/v2\/media?parent=114325"}],"wp:term":[{"taxonomy":"category","embeddable":true,"href":"https:\/\/www.europesays.com\/se\/wp-json\/wp\/v2\/categories?post=114325"},{"taxonomy":"post_tag","embeddable":true,"href":"https:\/\/www.europesays.com\/se\/wp-json\/wp\/v2\/tags?post=114325"}],"curies":[{"name":"wp","href":"https:\/\/api.w.org\/{rel}","templated":true}]}}