{"id":114328,"date":"2025-12-22T20:59:07","date_gmt":"2025-12-22T20:59:07","guid":{"rendered":"https:\/\/www.europesays.com\/se\/114328\/"},"modified":"2025-12-22T20:59:07","modified_gmt":"2025-12-22T20:59:07","slug":"bil-har-kort-in-i-parad-i-nederlanderna-nio-skadade","status":"publish","type":"post","link":"https:\/\/www.europesays.com\/se\/114328\/","title":{"rendered":"Bil har k\u00f6rt in i parad i Nederl\u00e4nderna \u2013 nio skadade"},"content":{"rendered":"<p class=\"sc-c25743f0-0 sc-e37c0145-2 hObFds DQgPn\"><strong>Nio personer har skadats, varav tre allvarligt, efter att en bil k\u00f6rt in i en folkmassa i Nunspeet i samband med den \u00e5rliga paraden i staden, rapporterar <\/strong><a href=\"https:\/\/nltimes.nl\/2025\/12\/22\/video-least-9-hurt-car-slams-group-gathered-nunspeet-annual-parade\" class=\"pcc\" target=\"_blank\" rel=\"noopener noreferrer nofollow\"><strong>NL Times<\/strong><\/a><strong>.<\/strong><\/p>\n<p class=\"sc-c25743f0-0 sc-e37c0145-2 hObFds DQgPn\">Olyckan intr\u00e4ffade vid 18.30 lokal tid. Bilen, en Toytoa Yaris, ska d\u00e5 ha pl\u00f6jt igenom en folkmassa innan den fick stopp ute p\u00e5 en \u00e5ker.<\/p>\n<p class=\"sc-c25743f0-0 sc-e37c0145-2 hObFds DQgPn\">Sex ambulanser och tre trauma-team i helikopter larmades till platsen, uppger NL Times.<\/p>\n<p class=\"sc-c25743f0-0 sc-e37c0145-2 hObFds DQgPn\">Minst ett barn ska finnas bland de skadade, enligt vittnen p\u00e5 platsen.<\/p>\n<p class=\"sc-c25743f0-0 sc-e37c0145-2 hObFds DQgPn\">Enligt initiala utrednings\u00e5tg\u00e4rder tyder det mesta p\u00e5 att det handlat om en olycka.<\/p>\n<p class=\"sc-c25743f0-0 sc-e37c0145-2 hObFds DQgPn\">H\u00e4ndelsen ska ha intr\u00e4ffat i samband med den \u00e5rliga paraden Elburg Lichtjestour, d\u00e5 bilar, lastbilar och andra fordon smyckas med ljusslingor och k\u00f6r i kortege genom samh\u00e4llet. Folkmassan ska ha samlats f\u00f6r att bevittna den rullande ljusshowen.<\/p>\n<p class=\"sc-c25743f0-0 sc-e37c0145-2 hObFds DQgPn\">Resten av paraden st\u00e4lldes in efter h\u00e4ndelsen.<\/p>\n","protected":false},"excerpt":{"rendered":"Nio personer har skadats, varav tre allvarligt, efter att en bil k\u00f6rt in i en folkmassa i Nunspeet&hellip;\n","protected":false},"author":2,"featured_media":77179,"comment_status":"","ping_status":"","sticky":false,"template":"","format":"standard","meta":{"footnotes":""},"categories":[14],"tags":[22,23,26,27,17,21,24,25,28,29,15,16,18,34,31,33,32,30,19,20,51,52,53,54],"class_list":{"0":"post-114328","1":"post","2":"type-post","3":"status-publish","4":"format-standard","5":"has-post-thumbnail","7":"category-varlden","8":"tag-breaking-news","9":"tag-breakingnews","10":"tag-featured-news","11":"tag-featurednews","12":"tag-headlines","13":"tag-huvudnyheter","14":"tag-latest-news","15":"tag-latestnews","16":"tag-main-news","17":"tag-mainnews","18":"tag-news","19":"tag-nyheter","20":"tag-rubriker","21":"tag-se","22":"tag-svenska","23":"tag-sverige","24":"tag-sweden","25":"tag-swedish","26":"tag-top-stories","27":"tag-topstories","28":"tag-varlden","29":"tag-world","30":"tag-world-news","31":"tag-worldnews"},"share_on_mastodon":{"url":"https:\/\/pubeurope.com\/@se\/115765232434728183","error":""},"_links":{"self":[{"href":"https:\/\/www.europesays.com\/se\/wp-json\/wp\/v2\/posts\/114328","targetHints":{"allow":["GET"]}}],"collection":[{"href":"https:\/\/www.europesays.com\/se\/wp-json\/wp\/v2\/posts"}],"about":[{"href":"https:\/\/www.europesays.com\/se\/wp-json\/wp\/v2\/types\/post"}],"author":[{"embeddable":true,"href":"https:\/\/www.europesays.com\/se\/wp-json\/wp\/v2\/users\/2"}],"replies":[{"embeddable":true,"href":"https:\/\/www.europesays.com\/se\/wp-json\/wp\/v2\/comments?post=114328"}],"version-history":[{"count":0,"href":"https:\/\/www.europesays.com\/se\/wp-json\/wp\/v2\/posts\/114328\/revisions"}],"wp:featuredmedia":[{"embeddable":true,"href":"https:\/\/www.europesays.com\/se\/wp-json\/wp\/v2\/media\/77179"}],"wp:attachment":[{"href":"https:\/\/www.europesays.com\/se\/wp-json\/wp\/v2\/media?parent=114328"}],"wp:term":[{"taxonomy":"category","embeddable":true,"href":"https:\/\/www.europesays.com\/se\/wp-json\/wp\/v2\/categories?post=114328"},{"taxonomy":"post_tag","embeddable":true,"href":"https:\/\/www.europesays.com\/se\/wp-json\/wp\/v2\/tags?post=114328"}],"curies":[{"name":"wp","href":"https:\/\/api.w.org\/{rel}","templated":true}]}}