{"id":114330,"date":"2025-12-22T21:04:17","date_gmt":"2025-12-22T21:04:17","guid":{"rendered":"https:\/\/www.europesays.com\/se\/114330\/"},"modified":"2025-12-22T21:04:17","modified_gmt":"2025-12-22T21:04:17","slug":"chris-rea-shirley-bassey-disco-la-passione","status":"publish","type":"post","link":"https:\/\/www.europesays.com\/se\/114330\/","title":{"rendered":"Chris Rea + Shirley Bassey &#8211; \u2019Disco\u2019 La Passione"},"content":{"rendered":"<p>1996 sl\u00e4ppte den brittiska artisten <strong>Chris Rea<\/strong> filmen och albumet <strong>La Passione<\/strong>, som var baserad p\u00e5 Reas egna uppv\u00e4xt. <br \/>Till l\u00e5ten \u2019Disco\u2019 La Passione hade Rea bjudit in ingen mindre \u00e4n <strong>Shirley Bassey<\/strong>, som \u00e4ven gjorde sin filmdebut i filmen. H\u00e4r f\u00e5r vi en klassisk disco-l\u00e5t med dramatiska str\u00e5kar och en funkig basg\u00e5ng. Det \u00e4r riktigt elegant \u2013 vilket det i och f\u00f6r sig alltid bli s\u00e5 fort Bassey \u00e4r med och sjunger. <\/p>\n<p><a href=\"https:\/\/music.apple.com\/se\/playlist\/favoriter\/pl.u-b3b8RA9UZ6ZJy\" rel=\"nofollow noopener\" target=\"_blank\"><img decoding=\"async\" src=\"https:\/\/www.europesays.com\/se\/wp-content\/uploads\/2025\/12\/Banner-Apple-Music-Favoriter-2024.png\" alt=\"Popmuzik Favoriter\" class=\"lazyload\" style=\"--smush-placeholder-width: 1900px; --smush-placeholder-aspect-ratio: 1900\/1100;\"\/><\/a><\/p>\n<p>Singeln \u2019Disco\u2019 La Passione remixades av <strong>Adams &amp; Gielen<\/strong>\u00a0och tog ut Bassey p\u00e5 det regnb\u00e5gsf\u00e4rgade dansgolvet. Det \u00e4r en version som \u00e4r h\u00e4rligt camp och klassisk 90-tal i stil. Just 12\u2033-versionen doftar inte s\u00e5 lite av <strong>Robert Miles<\/strong> i sitt beat och piano. Medan 7\u2033 versionen \u00e4r mer pop och \u00fcber-camp. Samtidigt f\u00e5r den remixen en viss latinovibb med kastanjetter och spansk gitarr. Det \u00e4r en remix som \u00e4r extra allt och extra fantastisk. Jag har liksom \u00e4lskat denna version sedan den sl\u00e4pptes. <\/p>\n<p>Singeln blev tyv\u00e4rr ingen stor hit n\u00e4r det v\u00e4l begav sig. En 41:a plats blev det p\u00e5 den brittiska singellistan, vilket k\u00e4nns som en besvikelse p\u00e5 en s\u00e5dan underbar l\u00e5t. <br \/>Tyv\u00e4rr finns varesig singeln \u2019Disco\u2019 La Passione eller albumet La Passione att uppleva p\u00e5 n\u00e5gon streamintj\u00e4nst eller ens k\u00f6pa p\u00e5 iTunes, vilket \u00e4r en skandal. Men som tur \u00e4r finns alltid n\u00e5gra v\u00e4nliga sj\u00e4lar som laddar upp l\u00e5tar p\u00e5 YouTube n\u00e4r artisterna och musikbolagen inte g\u00f6r sitt jobb\u2026<\/p>\n<p>Remixen kan du h\u00f6ra h\u00e4r. <\/p>\n","protected":false},"excerpt":{"rendered":"1996 sl\u00e4ppte den brittiska artisten Chris Rea filmen och albumet La Passione, som var baserad p\u00e5 Reas egna&hellip;\n","protected":false},"author":2,"featured_media":114331,"comment_status":"","ping_status":"","sticky":false,"template":"","format":"standard","meta":{"footnotes":""},"categories":[67],"tags":[104,34,31,33,32,30,105],"class_list":{"0":"post-114330","1":"post","2":"type-post","3":"status-publish","4":"format-standard","5":"has-post-thumbnail","7":"category-underhallning","8":"tag-entertainment","9":"tag-se","10":"tag-svenska","11":"tag-sverige","12":"tag-sweden","13":"tag-swedish","14":"tag-underhallning"},"share_on_mastodon":{"url":"https:\/\/pubeurope.com\/@se\/115765252165547533","error":""},"_links":{"self":[{"href":"https:\/\/www.europesays.com\/se\/wp-json\/wp\/v2\/posts\/114330","targetHints":{"allow":["GET"]}}],"collection":[{"href":"https:\/\/www.europesays.com\/se\/wp-json\/wp\/v2\/posts"}],"about":[{"href":"https:\/\/www.europesays.com\/se\/wp-json\/wp\/v2\/types\/post"}],"author":[{"embeddable":true,"href":"https:\/\/www.europesays.com\/se\/wp-json\/wp\/v2\/users\/2"}],"replies":[{"embeddable":true,"href":"https:\/\/www.europesays.com\/se\/wp-json\/wp\/v2\/comments?post=114330"}],"version-history":[{"count":0,"href":"https:\/\/www.europesays.com\/se\/wp-json\/wp\/v2\/posts\/114330\/revisions"}],"wp:featuredmedia":[{"embeddable":true,"href":"https:\/\/www.europesays.com\/se\/wp-json\/wp\/v2\/media\/114331"}],"wp:attachment":[{"href":"https:\/\/www.europesays.com\/se\/wp-json\/wp\/v2\/media?parent=114330"}],"wp:term":[{"taxonomy":"category","embeddable":true,"href":"https:\/\/www.europesays.com\/se\/wp-json\/wp\/v2\/categories?post=114330"},{"taxonomy":"post_tag","embeddable":true,"href":"https:\/\/www.europesays.com\/se\/wp-json\/wp\/v2\/tags?post=114330"}],"curies":[{"name":"wp","href":"https:\/\/api.w.org\/{rel}","templated":true}]}}