{"id":114332,"date":"2025-12-22T21:06:30","date_gmt":"2025-12-22T21:06:30","guid":{"rendered":"https:\/\/www.europesays.com\/se\/114332\/"},"modified":"2025-12-22T21:06:30","modified_gmt":"2025-12-22T21:06:30","slug":"fler-barn-far-ta-del-av-fritidskortet-och-ersattningen-hojs","status":"publish","type":"post","link":"https:\/\/www.europesays.com\/se\/114332\/","title":{"rendered":"Fler barn f\u00e5r ta del av Fritidskortet \u2013 och ers\u00e4ttningen h\u00f6js"},"content":{"rendered":"<p>&#13;<br \/>\n&#13;<br \/>\n&#13;<br \/>\n        &#13;<br \/>\n             &#13;<br \/>\n                    &#13;<br \/>\n                        22 december 2025&#13;<br \/>\n                    &#13;\n            <\/p>\n<p class=\"preamble m\">&#13;<br \/>\n                Fr\u00e5n och med 5 januari 2026 kommer \u00e4ven sju\u00e5ringar att omfattas av Fritidskortet, som hittills riktat sig till barn och unga mellan 8 och 16 \u00e5r. Samtidigt h\u00f6js ers\u00e4ttningsniv\u00e5erna f\u00f6r att st\u00e4rka m\u00f6jligheterna till en meningsfull fritid.&#13;\n            <\/p>\n<p>                    <img decoding=\"async\" src=\"https:\/\/www.europesays.com\/se\/wp-content\/uploads\/2025\/12\/fritidskortet_innebandy-52.jpg\" loading=\"lazy\" alt=\"\"  width=\"1408\" height=\"939\"\/><\/p>\n<p>        Detta g\u00e4ller fr\u00e5n 5 januari 2026 <\/p>\n<ul>\n<li>Barn 7\u201316 \u00e5r omfattas av Fritidskortet<\/li>\n<li>Grundbeloppet h\u00f6js fr\u00e5n 500 till 550 kronor.<\/li>\n<li>F\u00f6r barn i hush\u00e5ll som f\u00e5tt bostadsbidrag n\u00e5gon g\u00e5ng under 2025 h\u00f6js beloppet fr\u00e5n 2 000 till 2 500 kronor.<\/li>\n<\/ul>\n<p>Bakgrund<\/p>\n<p>Fritidskortet lanserades den 15 september 2025 och \u00e4r en statlig satsning f\u00f6r att ge fler barn tillg\u00e5ng till idrott, kultur och friluftsliv. Kortet kan anv\u00e4ndas som betalning f\u00f6r aktiviteter hos anslutna f\u00f6reningar och kulturskolor.<\/p>\n<p>&#13;<br \/>\n        Senast uppdaterad:&#13;<br \/>\n        22 december 2025&#13;\n    <\/p>\n","protected":false},"excerpt":{"rendered":"&#13; &#13; &#13; &#13; &#13; &#13; 22 december 2025&#13; &#13; &#13; Fr\u00e5n och med 5 januari 2026 kommer&hellip;\n","protected":false},"author":2,"featured_media":114333,"comment_status":"","ping_status":"","sticky":false,"template":"","format":"standard","meta":{"footnotes":""},"categories":[65],"tags":[72,70,71,34,31,33,32,30],"class_list":{"0":"post-114332","1":"post","2":"type-post","3":"status-publish","4":"format-standard","5":"has-post-thumbnail","7":"category-ekonomi","8":"tag-business","9":"tag-economy","10":"tag-ekonomi","11":"tag-se","12":"tag-svenska","13":"tag-sverige","14":"tag-sweden","15":"tag-swedish"},"share_on_mastodon":{"url":"https:\/\/pubeurope.com\/@se\/115765260244010395","error":""},"_links":{"self":[{"href":"https:\/\/www.europesays.com\/se\/wp-json\/wp\/v2\/posts\/114332","targetHints":{"allow":["GET"]}}],"collection":[{"href":"https:\/\/www.europesays.com\/se\/wp-json\/wp\/v2\/posts"}],"about":[{"href":"https:\/\/www.europesays.com\/se\/wp-json\/wp\/v2\/types\/post"}],"author":[{"embeddable":true,"href":"https:\/\/www.europesays.com\/se\/wp-json\/wp\/v2\/users\/2"}],"replies":[{"embeddable":true,"href":"https:\/\/www.europesays.com\/se\/wp-json\/wp\/v2\/comments?post=114332"}],"version-history":[{"count":0,"href":"https:\/\/www.europesays.com\/se\/wp-json\/wp\/v2\/posts\/114332\/revisions"}],"wp:featuredmedia":[{"embeddable":true,"href":"https:\/\/www.europesays.com\/se\/wp-json\/wp\/v2\/media\/114333"}],"wp:attachment":[{"href":"https:\/\/www.europesays.com\/se\/wp-json\/wp\/v2\/media?parent=114332"}],"wp:term":[{"taxonomy":"category","embeddable":true,"href":"https:\/\/www.europesays.com\/se\/wp-json\/wp\/v2\/categories?post=114332"},{"taxonomy":"post_tag","embeddable":true,"href":"https:\/\/www.europesays.com\/se\/wp-json\/wp\/v2\/tags?post=114332"}],"curies":[{"name":"wp","href":"https:\/\/api.w.org\/{rel}","templated":true}]}}