{"id":114336,"date":"2025-12-22T21:08:10","date_gmt":"2025-12-22T21:08:10","guid":{"rendered":"https:\/\/www.europesays.com\/se\/114336\/"},"modified":"2025-12-22T21:08:10","modified_gmt":"2025-12-22T21:08:10","slug":"tva-bilar-i-frontalkrock-utanfor-boden","status":"publish","type":"post","link":"https:\/\/www.europesays.com\/se\/114336\/","title":{"rendered":"Tv\u00e5 bilar i frontalkrock utanf\u00f6r Boden"},"content":{"rendered":"<p>Tre personer ska ha varit inblandade i olyckan, varav tv\u00e5 har f\u00f6rts till sjukhus. Skadel\u00e4get \u00e4r oklart, enligt polisen. <\/p>\n<p>\u00c4ven r\u00e4ddningstj\u00e4nsten fanns p\u00e5 plats och har f\u00e5tt klippa upp en av bilarna. B\u00e5da ska d\u00e4refter b\u00e4rgas fr\u00e5n platsen. <\/p>\n<p>Under arbetet leds trafiken om till alternativa v\u00e4gar. Just nu finns en prognos satt till 22.30, enligt Trafikverket. <\/p>\n<p>Polisen arbetar ocks\u00e5 med att utreda olyckan, i nul\u00e4get finns ingen rubricering. <\/p>\n","protected":false},"excerpt":{"rendered":"Tre personer ska ha varit inblandade i olyckan, varav tv\u00e5 har f\u00f6rts till sjukhus. Skadel\u00e4get \u00e4r oklart, enligt&hellip;\n","protected":false},"author":2,"featured_media":793,"comment_status":"","ping_status":"","sticky":false,"template":"","format":"standard","meta":{"footnotes":""},"categories":[12],"tags":[22,23,26,27,17,21,24,25,28,29,15,16,18,34,31,33,32,30,19,20],"class_list":{"0":"post-114336","1":"post","2":"type-post","3":"status-publish","4":"format-standard","5":"has-post-thumbnail","7":"category-sverige","8":"tag-breaking-news","9":"tag-breakingnews","10":"tag-featured-news","11":"tag-featurednews","12":"tag-headlines","13":"tag-huvudnyheter","14":"tag-latest-news","15":"tag-latestnews","16":"tag-main-news","17":"tag-mainnews","18":"tag-news","19":"tag-nyheter","20":"tag-rubriker","21":"tag-se","22":"tag-svenska","23":"tag-sverige","24":"tag-sweden","25":"tag-swedish","26":"tag-top-stories","27":"tag-topstories"},"share_on_mastodon":{"url":"https:\/\/pubeurope.com\/@se\/115765267849115559","error":""},"_links":{"self":[{"href":"https:\/\/www.europesays.com\/se\/wp-json\/wp\/v2\/posts\/114336","targetHints":{"allow":["GET"]}}],"collection":[{"href":"https:\/\/www.europesays.com\/se\/wp-json\/wp\/v2\/posts"}],"about":[{"href":"https:\/\/www.europesays.com\/se\/wp-json\/wp\/v2\/types\/post"}],"author":[{"embeddable":true,"href":"https:\/\/www.europesays.com\/se\/wp-json\/wp\/v2\/users\/2"}],"replies":[{"embeddable":true,"href":"https:\/\/www.europesays.com\/se\/wp-json\/wp\/v2\/comments?post=114336"}],"version-history":[{"count":0,"href":"https:\/\/www.europesays.com\/se\/wp-json\/wp\/v2\/posts\/114336\/revisions"}],"wp:featuredmedia":[{"embeddable":true,"href":"https:\/\/www.europesays.com\/se\/wp-json\/wp\/v2\/media\/793"}],"wp:attachment":[{"href":"https:\/\/www.europesays.com\/se\/wp-json\/wp\/v2\/media?parent=114336"}],"wp:term":[{"taxonomy":"category","embeddable":true,"href":"https:\/\/www.europesays.com\/se\/wp-json\/wp\/v2\/categories?post=114336"},{"taxonomy":"post_tag","embeddable":true,"href":"https:\/\/www.europesays.com\/se\/wp-json\/wp\/v2\/tags?post=114336"}],"curies":[{"name":"wp","href":"https:\/\/api.w.org\/{rel}","templated":true}]}}