{"id":114337,"date":"2025-12-22T21:11:11","date_gmt":"2025-12-22T21:11:11","guid":{"rendered":"https:\/\/www.europesays.com\/se\/114337\/"},"modified":"2025-12-22T21:11:11","modified_gmt":"2025-12-22T21:11:11","slug":"marcus-olsson-och-naeem-mohammed","status":"publish","type":"post","link":"https:\/\/www.europesays.com\/se\/114337\/","title":{"rendered":"Marcus Olsson och Naeem Mohammed"},"content":{"rendered":"<p>Halmstads BK tackar Marcus Olsson och Naeem Mohammed n\u00e4r deras tid i klubben nu \u00e4r \u00f6ver efter s\u00e4songen 2025.\u00a0<\/p>\n<p>Marcus Olsson representerade Halmstads BK under tv\u00e5 sejourer. Han debuterade i A-laget 2008 och tillh\u00f6rde klubben fram till 2011 innan han \u00e5terv\u00e4nde inf\u00f6r s\u00e4songen 2022. Totalt blev det \u00e5tta s\u00e4songer i HBK-tr\u00f6jan. Under sin tid i klubben spelade Olsson 239 t\u00e4vlingsmatcher och gjorde 21 m\u00e5l. I Allsvenskan noterades han f\u00f6r 163 matcher och 13 m\u00e5l, medan det i Superettan blev 10 matcher.\u00a0<\/p>\n<p>\n\tNaeem Mohammed ansl\u00f6t till Halmstads BK inf\u00f6r s\u00e4songen 2023 och l\u00e4mnar klubben efter tre \u00e5r. Totalt spelade Mohammed 92 t\u00e4vlingsmatcher och stod f\u00f6r 21 m\u00e5l. I Allsvenskan noterades han f\u00f6r 63 matcher och 16 m\u00e5l.\u00a0\n<\/p>\n<p>\n\tHalmstads BK riktar ett stort tack till Marcus Olsson och Naeem Mohammed f\u00f6r deras insatser i klubben och \u00f6nskar dem all lycka till fram\u00f6ver.<\/p>\n","protected":false},"excerpt":{"rendered":"Halmstads BK tackar Marcus Olsson och Naeem Mohammed n\u00e4r deras tid i klubben nu \u00e4r \u00f6ver efter s\u00e4songen&hellip;\n","protected":false},"author":2,"featured_media":114338,"comment_status":"","ping_status":"","sticky":false,"template":"","format":"standard","meta":{"footnotes":""},"categories":[68],"tags":[34,111,110,31,33,32,30],"class_list":{"0":"post-114337","1":"post","2":"type-post","3":"status-publish","4":"format-standard","5":"has-post-thumbnail","7":"category-sport","8":"tag-se","9":"tag-sport","10":"tag-sports","11":"tag-svenska","12":"tag-sverige","13":"tag-sweden","14":"tag-swedish"},"share_on_mastodon":{"url":"https:\/\/pubeurope.com\/@se\/115765279825784646","error":""},"_links":{"self":[{"href":"https:\/\/www.europesays.com\/se\/wp-json\/wp\/v2\/posts\/114337","targetHints":{"allow":["GET"]}}],"collection":[{"href":"https:\/\/www.europesays.com\/se\/wp-json\/wp\/v2\/posts"}],"about":[{"href":"https:\/\/www.europesays.com\/se\/wp-json\/wp\/v2\/types\/post"}],"author":[{"embeddable":true,"href":"https:\/\/www.europesays.com\/se\/wp-json\/wp\/v2\/users\/2"}],"replies":[{"embeddable":true,"href":"https:\/\/www.europesays.com\/se\/wp-json\/wp\/v2\/comments?post=114337"}],"version-history":[{"count":0,"href":"https:\/\/www.europesays.com\/se\/wp-json\/wp\/v2\/posts\/114337\/revisions"}],"wp:featuredmedia":[{"embeddable":true,"href":"https:\/\/www.europesays.com\/se\/wp-json\/wp\/v2\/media\/114338"}],"wp:attachment":[{"href":"https:\/\/www.europesays.com\/se\/wp-json\/wp\/v2\/media?parent=114337"}],"wp:term":[{"taxonomy":"category","embeddable":true,"href":"https:\/\/www.europesays.com\/se\/wp-json\/wp\/v2\/categories?post=114337"},{"taxonomy":"post_tag","embeddable":true,"href":"https:\/\/www.europesays.com\/se\/wp-json\/wp\/v2\/tags?post=114337"}],"curies":[{"name":"wp","href":"https:\/\/api.w.org\/{rel}","templated":true}]}}