{"id":114344,"date":"2025-12-22T21:17:45","date_gmt":"2025-12-22T21:17:45","guid":{"rendered":"https:\/\/www.europesays.com\/se\/114344\/"},"modified":"2025-12-22T21:17:45","modified_gmt":"2025-12-22T21:17:45","slug":"akte-fast-med-170-kilo-kokain-doms-vasterbottens-kuriren","status":"publish","type":"post","link":"https:\/\/www.europesays.com\/se\/114344\/","title":{"rendered":"\u00c5kte fast med 170 kilo kokain \u2013 d\u00f6ms &#8211; V\u00e4sterbottens-Kuriren"},"content":{"rendered":"<ol>\n<li><a href=\"https:\/\/news.google.com\/rss\/articles\/CBMieEFVX3lxTFB6eVBMX25Cd3RnV0xTS0dfVFVXWEtoLWdGakRWNjhYc2tlUDJQNW42Mk9jM2pHRHdHNmg2NERfazBpSVgzS29jLWZfS3k1cTlZd1dpbU1KX09jTGVtRXN6djZWUlJtT2JYcE9SMnlPY1hJNVpjSkhYag?oc=5\" target=\"_blank\" rel=\"nofollow noopener\">\u00c5kte fast med 170 kilo kokain \u2013 d\u00f6ms<\/a>&nbsp;&nbsp;V\u00e4sterbottens-Kuriren<\/li>\n<li><a href=\"https:\/\/news.google.com\/rss\/articles\/CBMiowFBVV95cUxQVGRMTjFnODdMbXpvYzZQTi01X3B2cVFjNWhXVU9jTmlMNjhOak84YkRZZTBoR291Q0FXSTZMdzFMTWpSOVVZNW1rN0ZuNmlKMTdHMXZRQUw5WWxkODRydW9sUmJiLURibnE0SW5DMDAtVnVKME1YUWJUaC0wVThqZy11cGhtRmNEWXFoTWYzWkkwZlZZUXdHX0VHVFo2dUtBTDBB?oc=5\" target=\"_blank\" rel=\"nofollow noopener\">Smugglade 170 kilo kokain med undervattenskotrar \u2013 tre m\u00e4n d\u00f6ms &#8211; P4 V\u00e4st<\/a>&nbsp;&nbsp;Sveriges Radio<\/li>\n<li><a href=\"https:\/\/news.google.com\/rss\/articles\/CBMipAFBVV95cUxNNmZyRHh2RldzNEVGQUg0RkFxOU1KTDhRbUIwdi1FZ1Jqbm10NkJOVmJTU1BFZ2xEY1NtTk94alZCV2ZXZEJzNkZSMjVucm5Zc2d5UEJxM21FczhVdXV2STB1ZFZtR1NuQlJHX3BweVFFYnJrOUNqQ2s0aTc4dWg5Vmp4ZHF5cDVvTkhNUWhWcDRVbm1RLUhjLTVkRzJyTUoxRGtRNg?oc=5\" target=\"_blank\" rel=\"nofollow noopener\">Grodm\u00e4nnens nattliga kupp i Uddevalla hamn<\/a>&nbsp;&nbsp;GP<\/li>\n<li><a href=\"https:\/\/news.google.com\/rss\/articles\/CBMifkFVX3lxTFB3TjYxVm9ncGhjbkV2MWdnM0tSUUJHUEl4OURUZkJqc1pZelIwQWRvTVZIMVViOGNSaGJ3S25vTGRGQkJTU1E3U0ZxMk5iak96SWpTRmdDUnVJZVlZYUx6dW1YWUlpUGZiZkxSREk0WWRyeDJWNEk4LW1wMFk5UQ?oc=5\" target=\"_blank\" rel=\"nofollow noopener\">Tre d\u00f6ms \u2013 smugglade knark med undervattensskotrar<\/a>&nbsp;&nbsp;Omni<\/li>\n<li><a href=\"https:\/\/news.google.com\/rss\/articles\/CBMilwFBVV95cUxPYzNXU1hGZjdXUXhGWVp2U1p1dG5SZmsxZWJoWklTSVVPMEYzLVc2NGtYdzA2eWtBNENZQ0REWjI5dERBVTN6eVRrWDByZ2Z3MXg0WTlUd1RhaHpkUmNGelM3VFE0WTZDQ3BfZWVsZ2h1SUFaR05WUnhBMXl6WmNIYkVNNG5CbnhBaGVFVGZuWW1ZdTY1aE00?oc=5\" target=\"_blank\" rel=\"nofollow noopener\">L\u00e5nga f\u00e4ngelsestraff f\u00f6r grodm\u00e4n som smugglade kokain<\/a>&nbsp;&nbsp;SVT Nyheter<\/li>\n<\/ol>\n","protected":false},"excerpt":{"rendered":"\u00c5kte fast med 170 kilo kokain \u2013 d\u00f6ms&nbsp;&nbsp;V\u00e4sterbottens-Kuriren Smugglade 170 kilo kokain med undervattenskotrar \u2013 tre m\u00e4n d\u00f6ms&hellip;\n","protected":false},"author":2,"featured_media":114345,"comment_status":"","ping_status":"","sticky":false,"template":"","format":"standard","meta":{"footnotes":""},"categories":[12],"tags":[22,23,26,27,17,21,24,25,28,29,15,16,18,34,31,33,32,30,19,20],"class_list":{"0":"post-114344","1":"post","2":"type-post","3":"status-publish","4":"format-standard","5":"has-post-thumbnail","7":"category-sverige","8":"tag-breaking-news","9":"tag-breakingnews","10":"tag-featured-news","11":"tag-featurednews","12":"tag-headlines","13":"tag-huvudnyheter","14":"tag-latest-news","15":"tag-latestnews","16":"tag-main-news","17":"tag-mainnews","18":"tag-news","19":"tag-nyheter","20":"tag-rubriker","21":"tag-se","22":"tag-svenska","23":"tag-sverige","24":"tag-sweden","25":"tag-swedish","26":"tag-top-stories","27":"tag-topstories"},"share_on_mastodon":{"url":"https:\/\/pubeurope.com\/@se\/115765303232580891","error":""},"_links":{"self":[{"href":"https:\/\/www.europesays.com\/se\/wp-json\/wp\/v2\/posts\/114344","targetHints":{"allow":["GET"]}}],"collection":[{"href":"https:\/\/www.europesays.com\/se\/wp-json\/wp\/v2\/posts"}],"about":[{"href":"https:\/\/www.europesays.com\/se\/wp-json\/wp\/v2\/types\/post"}],"author":[{"embeddable":true,"href":"https:\/\/www.europesays.com\/se\/wp-json\/wp\/v2\/users\/2"}],"replies":[{"embeddable":true,"href":"https:\/\/www.europesays.com\/se\/wp-json\/wp\/v2\/comments?post=114344"}],"version-history":[{"count":0,"href":"https:\/\/www.europesays.com\/se\/wp-json\/wp\/v2\/posts\/114344\/revisions"}],"wp:featuredmedia":[{"embeddable":true,"href":"https:\/\/www.europesays.com\/se\/wp-json\/wp\/v2\/media\/114345"}],"wp:attachment":[{"href":"https:\/\/www.europesays.com\/se\/wp-json\/wp\/v2\/media?parent=114344"}],"wp:term":[{"taxonomy":"category","embeddable":true,"href":"https:\/\/www.europesays.com\/se\/wp-json\/wp\/v2\/categories?post=114344"},{"taxonomy":"post_tag","embeddable":true,"href":"https:\/\/www.europesays.com\/se\/wp-json\/wp\/v2\/tags?post=114344"}],"curies":[{"name":"wp","href":"https:\/\/api.w.org\/{rel}","templated":true}]}}