{"id":114346,"date":"2025-12-22T21:19:12","date_gmt":"2025-12-22T21:19:12","guid":{"rendered":"https:\/\/www.europesays.com\/se\/114346\/"},"modified":"2025-12-22T21:19:12","modified_gmt":"2025-12-22T21:19:12","slug":"ryssland-utvecklar-rymdvapen-mot-starlink-och-vast","status":"publish","type":"post","link":"https:\/\/www.europesays.com\/se\/114346\/","title":{"rendered":"Ryssland utvecklar rymdvapen mot Starlink och v\u00e4st"},"content":{"rendered":"<p>Publicerad 22 dec 2025 kl 19.40Uppdaterad kl 22.10<\/p>\n<p>Enligt underr\u00e4ttelserapporter utvecklar Ryssland ett nytt rymdvapen.<\/p>\n<p>Genom att \u00f6versv\u00e4mma omloppsbanor med granulat ska vapnet kunna sl\u00e5 ut satelliter.<\/p>\n<p>N\u00e5got som skulle kunna skapa \u201dokontrollerbart kaos\u201d i rymden enligt experter, skriver <a href=\"https:\/\/www.independent.co.uk\/news\/world\/europe\/elon-musk-starlink-russia-weapon-nato-intelligence-b2888834.html\" rel=\"nofollow noopener\" target=\"_blank\">The Independent.<\/a><\/p>\n<p>Senaste klippen om kriget i Ukraina.<img   alt=\"\"\/><\/p>\n<p>Ryssland utvecklar enligt k\u00e4llor i tv\u00e5 Natol\u00e4nders underr\u00e4ttelsetj\u00e4nster ett nytt rymdvapen.<\/p>\n<p>Foto: PAVEL BEDNYAKOV \/ AP TT NYHETSBYR\u00c5N<\/p>\n<p>\u00d6ppna bild i helsk\u00e4rm<img loading=\"lazy\"   alt=\"\"\/><\/p>\n<p>Med vapnet vill Ryssland kunna st\u00f6ra Elon Musks satelliter.<\/p>\n<p>Foto: JOHN RAOUX \/ AP TT NYHETSBYR\u00c5N<\/p>\n<p>\u00d6ppna bild i helsk\u00e4rm<img loading=\"lazy\"   alt=\"\"\/> <\/p>\n<p>Foto: Leon Neal \/ AP TT NYHETSBYR\u00c5N<\/p>\n<p>\u00d6ppna bild i helsk\u00e4rm<img loading=\"lazy\"   alt=\"\"\/> <\/p>\n<p>Foto: POOL \/ STELLA PICTURES\/ABACA PRESS ABACA PRESS<\/p>\n<p>\u00d6ppna bild i helsk\u00e4rm<img loading=\"lazy\"   alt=\"\"\/>\u00d6ppna bild i helsk\u00e4rm<\/p>\n<p>Ryssland har tidigare avsl\u00f6jats med att <a href=\"https:\/\/www.expressen.se\/nyheter\/varlden\/satellit-hotet-ryssland-och-kinas-nya-spionage\/\" rel=\"nofollow noopener\" target=\"_blank\">spionera och st\u00f6ra satelliter<\/a> som tillh\u00f6r b\u00e5de det tyska och brittiska f\u00f6rsvaret.<\/p>\n<p>Tv\u00e5 Nato-l\u00e4nders underr\u00e4ttelsetj\u00e4nster varnar nu i en rapport f\u00f6r att <a href=\"https:\/\/www.expressen.se\/tagg\/location\/ryssland\/\" class=\"\" rel=\"nofollow noopener\" target=\"_blank\">Ryssland<\/a> utvecklar ett nytt rymdvapen som \u00e4r t\u00e4nkt f\u00f6r att sl\u00e5 ut Elon Musks Starlink-satelliter, skriver The Independent.<\/p>\n<p>Artikeln i korthet<\/p>\n<p> Ryssland utvecklar nytt rymdvapen enligt underr\u00e4ttelser.<\/p>\n<p> Vapnet kan skapa \u201dokontrollerbart kaos\u201d genom att sl\u00e5 ut satelliter.<\/p>\n<p> Starlink-satelliter, viktiga f\u00f6r Ukraina, pekas ut som m\u00e5l.<\/p>\n<p> Experter varnar f\u00f6r global p\u00e5verkan.<\/p>\n<p>Visa mer\u00d6versv\u00e4mma med granulat<\/p>\n<p>Vapnet ska kunna \u00f6versv\u00e4mma omloppsbanor med granulat och p\u00e5 s\u00e5 s\u00e4tt sl\u00e5 ut flera satelliter samtidigt. Granulaten skulle \u00e4ven vara s\u00e5 sm\u00e5 att ingen utrustning skulle kunna uppt\u00e4cka dem.<\/p>\n<p>Det skulle kunna skapa \u201dokontrollerbart kaos\u201d i rymden som skulle p\u00e5verka l\u00e4nder och f\u00f6retag \u00f6ver hela v\u00e4rlden, menar experter till The Independent.<\/p>\n<p>\u2013 Om rapporteringen om k\u00e4rnvapensystemet \u00e4r korrekt och att de \u00e4r villiga att utveckla det och villiga att g\u00e5 i den riktningen, ja, d\u00e5 skulle det inte sl\u00e5 mig som chockerande att n\u00e5got som \u00e4r strax under det, men lika skadligt, finns inom deras utvecklingsramverk, s\u00e4ger Christopher Horner, general \u00f6ver den kanadensiska milit\u00e4rens rymdenhet till tidningen.<\/p>\n<p>Krigsviktiga<\/p>\n<p>En annan expert som tidningen har pratat med menar dock att det \u00e4r osannolikt att ett s\u00e5dant vapen skulle anv\u00e4ndas, d\u00e5 det finns en stor risk att Ryssland skulle st\u00f6ra ut sina egna satelliter.<\/p>\n<p>Enligt The Independent ska m\u00e5let vara att st\u00f6ra V\u00e4stv\u00e4rlden \u00f6verl\u00e4gsenhet i rymden, d\u00e4r Ryssland specifikt ser Starlink som ett hot.<\/p>\n<p>Musks satelliter har varit viktiga f\u00f6r Ukraina i kriget och f\u00f6rsvaret har anv\u00e4nt sig av f\u00f6retagets internettj\u00e4nst p\u00e5 platser d\u00e4r Ryssland slagit ut den kritiska infrastrukturen.<\/p>\n<p>Ryssland har vid flera tillf\u00e4llen varnat f\u00f6r att de ska attackera kommersiella satelliter som anv\u00e4nds av Ukraina. Kreml har hittills inte kommenterat uppgifterna.<\/p>\n","protected":false},"excerpt":{"rendered":"Publicerad 22 dec 2025 kl 19.40Uppdaterad kl 22.10 Enligt underr\u00e4ttelserapporter utvecklar Ryssland ett nytt rymdvapen. Genom att \u00f6versv\u00e4mma&hellip;\n","protected":false},"author":2,"featured_media":114347,"comment_status":"","ping_status":"","sticky":false,"template":"","format":"standard","meta":{"footnotes":""},"categories":[5],"tags":[50,22,23,26,27,17,21,24,25,274,28,29,15,16,1401,18,34,55,31,33,32,30,19,49,523,20],"class_list":{"0":"post-114346","1":"post","2":"type-post","3":"status-publish","4":"format-standard","5":"has-post-thumbnail","7":"category-rubriker","8":"tag-arme-forsvar","9":"tag-breaking-news","10":"tag-breakingnews","11":"tag-featured-news","12":"tag-featurednews","13":"tag-headlines","14":"tag-huvudnyheter","15":"tag-latest-news","16":"tag-latestnews","17":"tag-location-ryssland","18":"tag-main-news","19":"tag-mainnews","20":"tag-news","21":"tag-nyheter","22":"tag-organization-nato","23":"tag-rubriker","24":"tag-se","25":"tag-sections-varlden","26":"tag-svenska","27":"tag-sverige","28":"tag-sweden","29":"tag-swedish","30":"tag-top-stories","31":"tag-topic-militar","32":"tag-topic-rymden","33":"tag-topstories"},"share_on_mastodon":{"url":"https:\/\/pubeurope.com\/@se\/115765311169474073","error":""},"_links":{"self":[{"href":"https:\/\/www.europesays.com\/se\/wp-json\/wp\/v2\/posts\/114346","targetHints":{"allow":["GET"]}}],"collection":[{"href":"https:\/\/www.europesays.com\/se\/wp-json\/wp\/v2\/posts"}],"about":[{"href":"https:\/\/www.europesays.com\/se\/wp-json\/wp\/v2\/types\/post"}],"author":[{"embeddable":true,"href":"https:\/\/www.europesays.com\/se\/wp-json\/wp\/v2\/users\/2"}],"replies":[{"embeddable":true,"href":"https:\/\/www.europesays.com\/se\/wp-json\/wp\/v2\/comments?post=114346"}],"version-history":[{"count":0,"href":"https:\/\/www.europesays.com\/se\/wp-json\/wp\/v2\/posts\/114346\/revisions"}],"wp:featuredmedia":[{"embeddable":true,"href":"https:\/\/www.europesays.com\/se\/wp-json\/wp\/v2\/media\/114347"}],"wp:attachment":[{"href":"https:\/\/www.europesays.com\/se\/wp-json\/wp\/v2\/media?parent=114346"}],"wp:term":[{"taxonomy":"category","embeddable":true,"href":"https:\/\/www.europesays.com\/se\/wp-json\/wp\/v2\/categories?post=114346"},{"taxonomy":"post_tag","embeddable":true,"href":"https:\/\/www.europesays.com\/se\/wp-json\/wp\/v2\/tags?post=114346"}],"curies":[{"name":"wp","href":"https:\/\/api.w.org\/{rel}","templated":true}]}}