{"id":114352,"date":"2025-12-22T21:25:31","date_gmt":"2025-12-22T21:25:31","guid":{"rendered":"https:\/\/www.europesays.com\/se\/114352\/"},"modified":"2025-12-22T21:25:31","modified_gmt":"2025-12-22T21:25:31","slug":"tusentals-hedrade-offren-i-bondi-attacken","status":"publish","type":"post","link":"https:\/\/www.europesays.com\/se\/114352\/","title":{"rendered":"Tusentals hedrade offren i Bondi-attacken"},"content":{"rendered":"<p>Den popul\u00e4ra stranden, som varje \u00e5r lockar m\u00e4ngder med m\u00e4nniskor fr\u00e5n hela v\u00e4rlden, f\u00f6rvandlades tidig kv\u00e4ll den 14 december till ett blodbad n\u00e4r tv\u00e5 m\u00e4n \u00f6ppnade eld mot en stor grupp judar som samlats f\u00f6r att fira inledningen av Chanukka.<\/p>\n<p>Klockan 18.47 \u2013 samma klockslag som de f\u00f6rsta larmen om skottlossning kom \u2013 h\u00f6ll de som samlats p\u00e5 s\u00f6ndagen en vecka senare en tyst minut f\u00f6r offren.<\/p>\n<p>En av dem som talade vid ceremonin var 14-\u00e5riga Chaya, som g\u00e5r p\u00e5 kryckor sedan hon sk\u00f6ts i benet n\u00e4r hon st\u00e4llde sig i v\u00e4gen f\u00f6r att skydda en fr\u00e4mlings barn under attacken.<\/p>\n<p>\u2013 Om ni som samlats h\u00e4r kan finna inspiration i n\u00e5got, en enda sak i allt detta, l\u00e5t det f\u00e5 bli att vara ljuset i ett hav av m\u00f6rker, sade hon, enligt BBC.<\/p>\n<p>P\u00e5 plats fanns flera politiska toppnamn, d\u00e4ribland premi\u00e4rminister Anthony Albanese, som buades ut av vissa i publiken. Albanese har f\u00e5tt kritik f\u00f6r att inte ha gjort tillr\u00e4ckligt f\u00f6r att st\u00e4vja antisemitismen i landet i sp\u00e5ren av Hamas attack mot Israel den 7 oktober 2o23.<\/p>\n<p>M\u00e5nga anser ocks\u00e5 att mer borde ha gjorts f\u00f6r att f\u00f6rhindra attentatet vid Bondi Beach, n\u00e5got som premi\u00e4rministern medgett.<\/p>\n<p>\u2013 Jag medger mitt ansvar i egenskap av att vara premi\u00e4rminister f\u00f6r Australien, sade han tidigare i veckan.<\/p>\n<p><img alt=\"Chaya, som sk\u00f6ts i benet under terrorattacken, talade vid s\u00f6ndagens ceremoni.\" loading=\"lazy\" width=\"1920\" height=\"1200\" decoding=\"async\" data-nimg=\"1\" style=\"color:transparent;max-width:100%;width:100%\"   src=\"https:\/\/www.europesays.com\/se\/wp-content\/uploads\/2025\/12\/1XudpZxMpTy7iSr585Hh-KtNits8-REGULAR.jpg\"\/>Chaya, som sk\u00f6ts i benet under terrorattacken, talade vid s\u00f6ndagens ceremoni. Bild: Mark Baker\/AP\/TT <\/p>\n","protected":false},"excerpt":{"rendered":"Den popul\u00e4ra stranden, som varje \u00e5r lockar m\u00e4ngder med m\u00e4nniskor fr\u00e5n hela v\u00e4rlden, f\u00f6rvandlades tidig kv\u00e4ll den 14&hellip;\n","protected":false},"author":2,"featured_media":114353,"comment_status":"","ping_status":"","sticky":false,"template":"","format":"standard","meta":{"footnotes":""},"categories":[14],"tags":[22,23,26,27,17,21,24,25,28,29,15,16,18,34,31,33,32,30,19,20,51,52,53,54],"class_list":{"0":"post-114352","1":"post","2":"type-post","3":"status-publish","4":"format-standard","5":"has-post-thumbnail","7":"category-varlden","8":"tag-breaking-news","9":"tag-breakingnews","10":"tag-featured-news","11":"tag-featurednews","12":"tag-headlines","13":"tag-huvudnyheter","14":"tag-latest-news","15":"tag-latestnews","16":"tag-main-news","17":"tag-mainnews","18":"tag-news","19":"tag-nyheter","20":"tag-rubriker","21":"tag-se","22":"tag-svenska","23":"tag-sverige","24":"tag-sweden","25":"tag-swedish","26":"tag-top-stories","27":"tag-topstories","28":"tag-varlden","29":"tag-world","30":"tag-world-news","31":"tag-worldnews"},"share_on_mastodon":{"url":"https:\/\/pubeurope.com\/@se\/115765335008197225","error":""},"_links":{"self":[{"href":"https:\/\/www.europesays.com\/se\/wp-json\/wp\/v2\/posts\/114352","targetHints":{"allow":["GET"]}}],"collection":[{"href":"https:\/\/www.europesays.com\/se\/wp-json\/wp\/v2\/posts"}],"about":[{"href":"https:\/\/www.europesays.com\/se\/wp-json\/wp\/v2\/types\/post"}],"author":[{"embeddable":true,"href":"https:\/\/www.europesays.com\/se\/wp-json\/wp\/v2\/users\/2"}],"replies":[{"embeddable":true,"href":"https:\/\/www.europesays.com\/se\/wp-json\/wp\/v2\/comments?post=114352"}],"version-history":[{"count":0,"href":"https:\/\/www.europesays.com\/se\/wp-json\/wp\/v2\/posts\/114352\/revisions"}],"wp:featuredmedia":[{"embeddable":true,"href":"https:\/\/www.europesays.com\/se\/wp-json\/wp\/v2\/media\/114353"}],"wp:attachment":[{"href":"https:\/\/www.europesays.com\/se\/wp-json\/wp\/v2\/media?parent=114352"}],"wp:term":[{"taxonomy":"category","embeddable":true,"href":"https:\/\/www.europesays.com\/se\/wp-json\/wp\/v2\/categories?post=114352"},{"taxonomy":"post_tag","embeddable":true,"href":"https:\/\/www.europesays.com\/se\/wp-json\/wp\/v2\/tags?post=114352"}],"curies":[{"name":"wp","href":"https:\/\/api.w.org\/{rel}","templated":true}]}}