{"id":114354,"date":"2025-12-22T21:27:21","date_gmt":"2025-12-22T21:27:21","guid":{"rendered":"https:\/\/www.europesays.com\/se\/114354\/"},"modified":"2025-12-22T21:27:21","modified_gmt":"2025-12-22T21:27:21","slug":"lovable-grundarna-blir-dollarmiljardarer-efter-jatterundan-ska-skanka-bort-halften-breakit","status":"publish","type":"post","link":"https:\/\/www.europesays.com\/se\/114354\/","title":{"rendered":"Lovable-grundarna blir dollarmiljard\u00e4rer efter j\u00e4tterundan \u2013 ska sk\u00e4nka bort h\u00e4lften &#8211; Breakit"},"content":{"rendered":"<ol>\n<li><a href=\"https:\/\/news.google.com\/rss\/articles\/CBMi4gFBVV95cUxNMFBaUG0tSXdma3I5bV9LSnVpMG5uZ19SQlBoNUdudG9ZVy1zYXd2Q1l0RG4zTFNvbHRuWmFKbTNWU3p1dmZCQzNLMzJROXJXYTdZRkhFOU8zUG5LUXdGTEtKQ0NwNjZMWFBlTzRyR2pSWV9ZT2hVd3dlX2RPSXdmLU1EaXpYUnRBck5Ld1lxTEhmb0hyWl8tMFRGQ2hpYmlnNVhNekd0SEpnRFpoSUZNLXlZay1sZ3I4a0E2cWRvZjhGMmY3UzFPTTRISlZMVjQ2R25PZEJwS1FJenp3a1VydGd3?oc=5\" target=\"_blank\" rel=\"nofollow noopener\">Lovable-grundarna blir dollarmiljard\u00e4rer efter j\u00e4tterundan \u2013 ska sk\u00e4nka bort h\u00e4lften<\/a>&nbsp;&nbsp;Breakit<\/li>\n<li><a href=\"https:\/\/news.google.com\/rss\/articles\/CBMijAFBVV95cUxPRE8wRk5zYVJjelFlaWI4TVNHVjQ4Tzc2MUtMTnFkNmVsV0tyWXROb2hrR0dpS01vSzdQNGxGR0hpSDNDd3N4TWFscjFpRkpwOGFNYk91MVVKVWF1ZlZtdjBzb3FhWlA0djVYazJ0UWhxUGRITG5VdzdrSUdqdmlBT0d3TU5McW5tcGU4SA?oc=5\" target=\"_blank\" rel=\"nofollow noopener\">Forbes: Lovables grundare nu goda f\u00f6r 15 miljarder vardera<\/a>&nbsp;&nbsp;DI<\/li>\n<li><a href=\"https:\/\/news.google.com\/rss\/articles\/CBMipwFBVV95cUxNejlRQ1d5RjF4WkgwaEpGNVNvN3V1b3hlb0VtOEI4QnlPMFFjQkNWTUxsRm9VV1U5NjdaTGhLN2F6TlJacVQ2Z3JoVWZHMTI4cG1sT3hFZVBEd0hWWmlaVVBqNWJZRlhwTnhRc19WRkV3aFU3ajB1MGlmdTZFY19ZS2xzaFBfeFNrRFhYT0hqNmtjdXllZVI0UFBwUWZVVGEwSjF6cmJZNA?oc=5\" target=\"_blank\" rel=\"nofollow noopener\">Svenska AI-undret tar in 330 miljoner dollar i nytt kapital<\/a>&nbsp;&nbsp;NyTeknik<\/li>\n<li><a href=\"https:\/\/news.google.com\/rss\/articles\/CBMib0FVX3lxTE1ZNzlCS3NfaU5JbFdWcGd5aE15eGRwNkFrMEg1MnZvdXFfU2pteXZfUFNRano1ZU5ZblZLb0o0YTRIS3U0b2hxUEg5S3dUQzY1NWhKV1JmZ3Z0bmIyTTVpYzJtdVlRXzBHOTlidXFjQQ?oc=5\" target=\"_blank\" rel=\"nofollow noopener\">Svenska AI-undret Lovable f\u00e5r ny monsterv\u00e4rdering<\/a>&nbsp;&nbsp;Omni<\/li>\n<li><a href=\"https:\/\/news.google.com\/rss\/articles\/CBMijAFBVV95cUxNbHJ3bFgxdk5xZXMxbHBITll2SExWZUF1VUhTOUdjRFR0dTBBR1lrdUFKSnl0TUNxWERrVXFaYTlWeGJLbTJKa2VPd3k1RFEyMmhjTUN1Z1A2SmtpdDl1M2lSMEpwRTVBVkIxc3RBQklKOGdXVWg2TDUtaFl2VlkwWGxTMjVvSGlZc0xfTA?oc=5\" target=\"_blank\" rel=\"nofollow noopener\">Forbes: Svenska Lovablegrundarna \u00e4r dollarmiljard\u00e4rer<\/a>&nbsp;&nbsp;Omni Ekonomi<\/li>\n<\/ol>\n","protected":false},"excerpt":{"rendered":"Lovable-grundarna blir dollarmiljard\u00e4rer efter j\u00e4tterundan \u2013 ska sk\u00e4nka bort h\u00e4lften&nbsp;&nbsp;Breakit Forbes: Lovables grundare nu goda f\u00f6r 15 miljarder&hellip;\n","protected":false},"author":2,"featured_media":114355,"comment_status":"","ping_status":"","sticky":false,"template":"","format":"standard","meta":{"footnotes":""},"categories":[5],"tags":[22,23,87,88,26,27,17,21,91,90,24,25,28,29,15,16,92,18,34,89,86,31,33,32,30,85,19,20],"class_list":{"0":"post-114354","1":"post","2":"type-post","3":"status-publish","4":"format-standard","5":"has-post-thumbnail","7":"category-rubriker","8":"tag-breaking-news","9":"tag-breakingnews","10":"tag-digital","11":"tag-entreprenor","12":"tag-featured-news","13":"tag-featurednews","14":"tag-headlines","15":"tag-huvudnyheter","16":"tag-king","17":"tag-klarna","18":"tag-latest-news","19":"tag-latestnews","20":"tag-main-news","21":"tag-mainnews","22":"tag-news","23":"tag-nyheter","24":"tag-riskkapital","25":"tag-rubriker","26":"tag-se","27":"tag-spotify","28":"tag-startups","29":"tag-svenska","30":"tag-sverige","31":"tag-sweden","32":"tag-swedish","33":"tag-tech","34":"tag-top-stories","35":"tag-topstories"},"share_on_mastodon":{"url":"https:\/\/pubeurope.com\/@se\/115765342554783412","error":""},"_links":{"self":[{"href":"https:\/\/www.europesays.com\/se\/wp-json\/wp\/v2\/posts\/114354","targetHints":{"allow":["GET"]}}],"collection":[{"href":"https:\/\/www.europesays.com\/se\/wp-json\/wp\/v2\/posts"}],"about":[{"href":"https:\/\/www.europesays.com\/se\/wp-json\/wp\/v2\/types\/post"}],"author":[{"embeddable":true,"href":"https:\/\/www.europesays.com\/se\/wp-json\/wp\/v2\/users\/2"}],"replies":[{"embeddable":true,"href":"https:\/\/www.europesays.com\/se\/wp-json\/wp\/v2\/comments?post=114354"}],"version-history":[{"count":0,"href":"https:\/\/www.europesays.com\/se\/wp-json\/wp\/v2\/posts\/114354\/revisions"}],"wp:featuredmedia":[{"embeddable":true,"href":"https:\/\/www.europesays.com\/se\/wp-json\/wp\/v2\/media\/114355"}],"wp:attachment":[{"href":"https:\/\/www.europesays.com\/se\/wp-json\/wp\/v2\/media?parent=114354"}],"wp:term":[{"taxonomy":"category","embeddable":true,"href":"https:\/\/www.europesays.com\/se\/wp-json\/wp\/v2\/categories?post=114354"},{"taxonomy":"post_tag","embeddable":true,"href":"https:\/\/www.europesays.com\/se\/wp-json\/wp\/v2\/tags?post=114354"}],"curies":[{"name":"wp","href":"https:\/\/api.w.org\/{rel}","templated":true}]}}