{"id":114358,"date":"2025-12-22T21:36:20","date_gmt":"2025-12-22T21:36:20","guid":{"rendered":"https:\/\/www.europesays.com\/se\/114358\/"},"modified":"2025-12-22T21:36:20","modified_gmt":"2025-12-22T21:36:20","slug":"en-allvarligt-skadad-efter-frontalkrock-e20-avstangd-expressen","status":"publish","type":"post","link":"https:\/\/www.europesays.com\/se\/114358\/","title":{"rendered":"En allvarligt skadad efter frontalkrock \u2013 E20 avst\u00e4ngd &#8211; Expressen"},"content":{"rendered":"<ol>\n<li><a href=\"https:\/\/news.google.com\/rss\/articles\/CBMilwFBVV95cUxNZ0piQlpLMElUQV9adVdISTA4M1NhNUZoUVoyVkJycTFrUUNUTzRrTzVucW1PYmhodW9HYjZvNGZLTFM2V2pqR21PXzFmZk1XeWxJdk53Z1dXX0F3N25YX2VDUWVNZURucDVGazFRX1lXUi02TkpmWTRNZExHd2trSnVPeGljOVUtQVJvMUFNTTJkSFp3RGFZ?oc=5\" target=\"_blank\" rel=\"nofollow noopener\">En allvarligt skadad efter frontalkrock \u2013 E20 avst\u00e4ngd<\/a>&nbsp;&nbsp;Expressen<\/li>\n<li><a href=\"https:\/\/news.google.com\/rss\/articles\/CBMihgFBVV95cUxNZ0R6anhJaGFPWDRCSXdqUk5aZ0dNSDJkdlAtYkdGU2tnREJZMFJHRVdsWmZFOHlrSE5NS29jQkpYY2hKc1d3MmJfY25PMnVyYWZ1Q1ppNW1GbUk3a1NaUm50d3BIbXNtWEg3eVMwWFFxQjMwR0ZKTndkSkRmUXg2c0ozVUJMUQ?oc=5\" target=\"_blank\" rel=\"nofollow noopener\">Man d\u00f6d efter krock p\u00e5 E20<\/a>&nbsp;&nbsp;Aftonbladet<\/li>\n<li><a href=\"https:\/\/news.google.com\/rss\/articles\/CBMirAFBVV95cUxNc0ZhR3h4WS1PdkR6cVRIb0pSSDhrVVFMQ043YksyMm1uMTE3MG9oaVMxY0d3aU40M3lhY3RWQURBQlExc2w2TDZKN0VBczFVUmRFRXlNVXg3VEl0RkN0R09Vb3dUNy1OaXdoWWxBakFkVERGMnY2X09tRUFNZVJCRTVQclIyakxXTG9qQ3MyVEVnWU00cEptOXpDYm5UR3NkY2N6N2RpTnBHWHIy?oc=5\" target=\"_blank\" rel=\"nofollow noopener\">Frontalkrock med lastbil \u2013 man omkommen<\/a>&nbsp;&nbsp;GP<\/li>\n<li><a href=\"https:\/\/news.google.com\/rss\/articles\/CBMivAFBVV95cUxQUnRDNVAtUUtmRnUxTUItTEFYQ3BJdC1HaW0zVU9WbE9jbXRMTmZvYmROMThwN2VLa1dLOGYyeGdQcUphUktLbWg0OFRiVHprVS1WaG96YmR6bnJsdGpLbUs5Z1cwWGo1SmdFdHdzNnAweWZmU3hvOE5oRlZyUmQ0YXgxLVFfMUg5M3dXZDREWnNzd1pwMlEyQ09HS3ZXOTd3V08zbXVqZjhnWXlvUkhfdWZSbFFBQVZ5WDhrRA?oc=5\" target=\"_blank\" rel=\"nofollow noopener\">Man i 25-\u00e5rs\u00e5ldern d\u00f6d efter frontalkrock p\u00e5 E20 \u2013 Trafik och v\u00e4der i jul 2025 \u2013 f\u00f6lj senaste nytt<\/a>&nbsp;&nbsp;SVT Nyheter<\/li>\n<li><a href=\"https:\/\/news.google.com\/rss\/articles\/CBMisgFBVV95cUxNNUpBWlVJNkJYTFZWR1NWQ3oxNVBQbl9udldhdk43aURyVUZpWHZXYVFncVFOR3N1bTlkZVVJeTg1Y2R5cWJyWjNGeUxaSHhwMncyTHhTZnpVbUdrT2xQc0dBeDRfN1pueXFiWlp3c0MwWXlGd1lSSGJMWVE2MTVnZkdqRU9NRm5TdU9Bcnk2b3ZmaVFHTVNvQlBMUlUyZEM3dzRXTXdZaGRiQ2FIZGU0Q1pB?oc=5\" target=\"_blank\" rel=\"nofollow noopener\">JUST NU: Trafikolycka p\u00e5 E20 \u2013 en person ska vara allvarligt skadad: \u201dHar frontalkrockat\u201d<\/a>&nbsp;&nbsp;NLT<\/li>\n<\/ol>\n","protected":false},"excerpt":{"rendered":"En allvarligt skadad efter frontalkrock \u2013 E20 avst\u00e4ngd&nbsp;&nbsp;Expressen Man d\u00f6d efter krock p\u00e5 E20&nbsp;&nbsp;Aftonbladet Frontalkrock med lastbil \u2013&hellip;\n","protected":false},"author":2,"featured_media":39,"comment_status":"","ping_status":"","sticky":false,"template":"","format":"standard","meta":{"footnotes":""},"categories":[5],"tags":[22,23,26,27,17,21,24,25,28,29,15,16,18,34,31,33,32,30,19,20],"class_list":{"0":"post-114358","1":"post","2":"type-post","3":"status-publish","4":"format-standard","5":"has-post-thumbnail","7":"category-rubriker","8":"tag-breaking-news","9":"tag-breakingnews","10":"tag-featured-news","11":"tag-featurednews","12":"tag-headlines","13":"tag-huvudnyheter","14":"tag-latest-news","15":"tag-latestnews","16":"tag-main-news","17":"tag-mainnews","18":"tag-news","19":"tag-nyheter","20":"tag-rubriker","21":"tag-se","22":"tag-svenska","23":"tag-sverige","24":"tag-sweden","25":"tag-swedish","26":"tag-top-stories","27":"tag-topstories"},"share_on_mastodon":{"url":"https:\/\/pubeurope.com\/@se\/115765378041894112","error":""},"_links":{"self":[{"href":"https:\/\/www.europesays.com\/se\/wp-json\/wp\/v2\/posts\/114358","targetHints":{"allow":["GET"]}}],"collection":[{"href":"https:\/\/www.europesays.com\/se\/wp-json\/wp\/v2\/posts"}],"about":[{"href":"https:\/\/www.europesays.com\/se\/wp-json\/wp\/v2\/types\/post"}],"author":[{"embeddable":true,"href":"https:\/\/www.europesays.com\/se\/wp-json\/wp\/v2\/users\/2"}],"replies":[{"embeddable":true,"href":"https:\/\/www.europesays.com\/se\/wp-json\/wp\/v2\/comments?post=114358"}],"version-history":[{"count":0,"href":"https:\/\/www.europesays.com\/se\/wp-json\/wp\/v2\/posts\/114358\/revisions"}],"wp:featuredmedia":[{"embeddable":true,"href":"https:\/\/www.europesays.com\/se\/wp-json\/wp\/v2\/media\/39"}],"wp:attachment":[{"href":"https:\/\/www.europesays.com\/se\/wp-json\/wp\/v2\/media?parent=114358"}],"wp:term":[{"taxonomy":"category","embeddable":true,"href":"https:\/\/www.europesays.com\/se\/wp-json\/wp\/v2\/categories?post=114358"},{"taxonomy":"post_tag","embeddable":true,"href":"https:\/\/www.europesays.com\/se\/wp-json\/wp\/v2\/tags?post=114358"}],"curies":[{"name":"wp","href":"https:\/\/api.w.org\/{rel}","templated":true}]}}