{"id":114361,"date":"2025-12-22T21:54:10","date_gmt":"2025-12-22T21:54:10","guid":{"rendered":"https:\/\/www.europesays.com\/se\/114361\/"},"modified":"2025-12-22T21:54:10","modified_gmt":"2025-12-22T21:54:10","slug":"kriminalvardare-fast-i-rekordstort-knarkbeslag","status":"publish","type":"post","link":"https:\/\/www.europesays.com\/se\/114361\/","title":{"rendered":"Kriminalv\u00e5rdare fast i rekordstort knarkbeslag"},"content":{"rendered":"<p>Publicerad 22 dec 2025 kl 17.26Uppdaterad kl 18.53<\/p>\n<p>En kvinna beg\u00e4rs h\u00e4ktad f\u00f6r synnerligen grovt narkotikabrott efter ett beslag av \u00f6ver 200 kilo misst\u00e4nkt kokain och amfetamin.<\/p>\n<p>Kvinnan arbetade fram till nyligen p\u00e5 h\u00f6gs\u00e4kerhetsf\u00e4ngelset Hall.<\/p>\n<p>\u2013 Vi kopplar det h\u00e4r beslaget till Foxtrotn\u00e4tverket, s\u00e4ger Erik Guteson vid polisen.<\/p>\n<p><img   alt=\"\"\/><\/p>\n<p>Kvinnan arbetade fram till nyligen p\u00e5 s\u00e4kerhetsanstalten Hall utanf\u00f6r S\u00f6dert\u00e4lje.<\/p>\n<p>Foto: SVEN LINDWALL<\/p>\n<p>\u00d6ppna bild i helsk\u00e4rm<\/p>\n<p>Det rekordstora narkotikabeslaget gjordes i Nykvarn s\u00f6der om Stockholm, men utredningen drivs av sektionen f\u00f6r internationell och grov organiserad brottslighet vid polisregion V\u00e4st.<\/p>\n<p>\u2013 Det handlar om minst 200 kilo narkotika som nu \u00e4r p\u00e5 analys. Det kan vara blandat amfetamin och kokain, s\u00e4ger sektionschefen Erik Guteson.<\/p>\n<p>En kvinna sitter anh\u00e5llen sen i fredags och har nu beg\u00e4rts h\u00e4ktad f\u00f6r synnerligen grovt narkotikabrott. Hon tros ha haft rollen som narkotikakurir.<\/p>\n<p>\u2013 Vi kopplar det h\u00e4r beslaget till Foxtrotn\u00e4tverket, d\u00e4r huvudmannen befinner sig utomlands, s\u00e4ger Erik Guteson.<\/p>\n<p>Arbetade p\u00e5 Hall \u2013 tog kokain<\/p>\n<p>Brottet ska ha beg\u00e5tts i fredags eftermiddag p\u00e5 en industrifastighet i samband med att kvinnan greps fredags eftermiddag.<\/p>\n<p>Fram till nyligen jobbade hon som kriminalv\u00e5rdare p\u00e5 anstalten <a href=\"https:\/\/www.expressen.se\/tagg\/organization\/hall\/\" class=\"\" rel=\"nofollow noopener\" target=\"_blank\">Hall<\/a>, ett f\u00e4ngelse i h\u00f6gsta s\u00e4kerhetsklass utanf\u00f6r S\u00f6dert\u00e4lje.<\/p>\n<p>I v\u00e5ras blev hon tagen av polisen efter att ha anv\u00e4nt kokain under en festkv\u00e4ll. Hon d\u00f6mdes till dagsb\u00f6ter f\u00f6r ringa narkotikabrott.<\/p>\n<p>Av polisutredningen framg\u00e5r att hon \u201dsagt upp sig p\u00e5 grund av det intr\u00e4ffade\u201d.<\/p>\n<p>Om de nu aktuella brottsmisstankarna s\u00e4ger hennes offentliga f\u00f6rsvarare, advokat Jenny Glommen:<\/p>\n<p>\u2013 Jag g\u00e5r inte in p\u00e5 n\u00e5gonting.<\/p>\n","protected":false},"excerpt":{"rendered":"Publicerad 22 dec 2025 kl 17.26Uppdaterad kl 18.53 En kvinna beg\u00e4rs h\u00e4ktad f\u00f6r synnerligen grovt narkotikabrott efter ett&hellip;\n","protected":false},"author":2,"featured_media":114362,"comment_status":"","ping_status":"","sticky":false,"template":"","format":"standard","meta":{"footnotes":""},"categories":[5],"tags":[22,23,26,27,17,21,24,25,1618,28,29,15,16,12446,18,34,154,31,33,32,30,19,668,20],"class_list":{"0":"post-114361","1":"post","2":"type-post","3":"status-publish","4":"format-standard","5":"has-post-thumbnail","7":"category-rubriker","8":"tag-breaking-news","9":"tag-breakingnews","10":"tag-featured-news","11":"tag-featurednews","12":"tag-headlines","13":"tag-huvudnyheter","14":"tag-latest-news","15":"tag-latestnews","16":"tag-location-sodertalje","17":"tag-main-news","18":"tag-mainnews","19":"tag-news","20":"tag-nyheter","21":"tag-organization-hall","22":"tag-rubriker","23":"tag-se","24":"tag-sections-sverige","25":"tag-svenska","26":"tag-sverige","27":"tag-sweden","28":"tag-swedish","29":"tag-top-stories","30":"tag-topic-gangkriminalitet","31":"tag-topstories"},"share_on_mastodon":{"url":"https:\/\/pubeurope.com\/@se\/115765448723537831","error":""},"_links":{"self":[{"href":"https:\/\/www.europesays.com\/se\/wp-json\/wp\/v2\/posts\/114361","targetHints":{"allow":["GET"]}}],"collection":[{"href":"https:\/\/www.europesays.com\/se\/wp-json\/wp\/v2\/posts"}],"about":[{"href":"https:\/\/www.europesays.com\/se\/wp-json\/wp\/v2\/types\/post"}],"author":[{"embeddable":true,"href":"https:\/\/www.europesays.com\/se\/wp-json\/wp\/v2\/users\/2"}],"replies":[{"embeddable":true,"href":"https:\/\/www.europesays.com\/se\/wp-json\/wp\/v2\/comments?post=114361"}],"version-history":[{"count":0,"href":"https:\/\/www.europesays.com\/se\/wp-json\/wp\/v2\/posts\/114361\/revisions"}],"wp:featuredmedia":[{"embeddable":true,"href":"https:\/\/www.europesays.com\/se\/wp-json\/wp\/v2\/media\/114362"}],"wp:attachment":[{"href":"https:\/\/www.europesays.com\/se\/wp-json\/wp\/v2\/media?parent=114361"}],"wp:term":[{"taxonomy":"category","embeddable":true,"href":"https:\/\/www.europesays.com\/se\/wp-json\/wp\/v2\/categories?post=114361"},{"taxonomy":"post_tag","embeddable":true,"href":"https:\/\/www.europesays.com\/se\/wp-json\/wp\/v2\/tags?post=114361"}],"curies":[{"name":"wp","href":"https:\/\/api.w.org\/{rel}","templated":true}]}}