{"id":114363,"date":"2025-12-22T22:02:09","date_gmt":"2025-12-22T22:02:09","guid":{"rendered":"https:\/\/www.europesays.com\/se\/114363\/"},"modified":"2025-12-22T22:02:09","modified_gmt":"2025-12-22T22:02:09","slug":"oroligheter-kraver-dodsoffer-i-syrien","status":"publish","type":"post","link":"https:\/\/www.europesays.com\/se\/114363\/","title":{"rendered":"Oroligheter kr\u00e4ver d\u00f6dsoffer i Syrien"},"content":{"rendered":"<p>share-arrowDela<\/p>\n<p>unsaveSpara<\/p>\n<p>expand-left<\/p>\n<p>helsk\u00e4rm<img decoding=\"async\" class=\"image-asset hyperion-css-u06ts1\" data-test-tag=\"image-asset\" src=\"https:\/\/www.europesays.com\/se\/wp-content\/uploads\/2025\/12\/74bda432-e5c7-4cfa-9f7d-21cd55f1a992\"  alt=\"Turkiets utrikesminister Hakan Fidan (v\u00e4nster) och den syriske utrikesministern Asaad al-Shaibani p\u00e5 en presskonferens p\u00e5 m\u00e5ndagen.\"  loading=\"eager\" fetchpriority=\"high\" style=\"aspect-ratio:1900 \/ 1267\"\/>Turkiets utrikesminister Hakan Fidan (v\u00e4nster) och den syriske utrikesministern Asaad al-Shaibani p\u00e5 en presskonferens p\u00e5 m\u00e5ndagen. Foto: Ghaith Alsayed\/AP\/TT<\/p>\n<p class=\"hyperion-css-1shl3oz\" data-test-tag=\"lead-text\">Sammandrabbningar mellan syriska s\u00e4kerhetsstyrkor och kurdiska militanta grupper har utbrutit i samband med att en uppg\u00f6relse mellan regeringen i Damaskus och kurdiska grupper diskuteras.<\/p>\n<p class=\"hyperion-css-1v9qo5x\">V\u00e5ldsamheter rapporterades fr\u00e5n bland annat staden Aleppo d\u00e4r minst tv\u00e5 civila d\u00f6dades i raketbeskjutning. M\u00e5nga inv\u00e5nare flydde sina hem n\u00e4r sammandrabbningarna intensifierades. Minst 15 personer rapporterades skadade, enligt Syriens statliga nyhetsbyr\u00e5 Sana.<\/p>\n<p class=\"hyperion-css-1v9qo5x\">F\u00f6rsvarsministern i den syriska regeringen uppmanade milit\u00e4ren till eldupph\u00f6r sent p\u00e5 m\u00e5ndagen. \u00c4ven representanter f\u00f6r de kurdiska styrkorna, som g\u00e5r under beteckningen SDF, uppmanade sina stridande att inte besvara attacker.<\/p>\n<p class=\"hyperion-css-1v9qo5x\">Enligt SDF hade d\u00e5 en kvinna d\u00f6dats och 17 personer skadats.<\/p>\n<p class=\"hyperion-css-1v9qo5x\">Det \u00e4r oklart vad som ledde till sammandrabbningarna, och b\u00e5da sidor beskyller motparten f\u00f6r att f\u00f6rst ha \u00f6ppnat eld.<\/p>\n<p class=\"hyperion-css-1v9qo5x\">Oroligheterna br\u00f6t ut samtidigt som Turkiets utrikesminister Hakan Fidan befann sig i Damaskus f\u00f6r samtal om bland annat hur de kurdiska militanta grupperna ska inf\u00f6rlivas i Syriens milit\u00e4r.<\/p>\n<p class=\"hyperion-css-1v9qo5x\">Fidan m\u00f6te Syriens \u00f6verg\u00e5ngsregerings utrikesminister Asaad al-Shaibani. P\u00e5 dagordningen fans \u00e4ven gemensam bek\u00e4mpning av terrorr\u00f6relsen IS och Israels milit\u00e4ra angrepp i s\u00f6dra Syrien.<\/p>\n<p class=\"hyperion-css-1v9qo5x\">\u2013 Stabilitet i Syrien inneb\u00e4r stabilitet i Turkiet, sade Fidan vid ett gemensamt framtr\u00e4dande, och anklagade sedan kurdiska SDF f\u00f6r att motverka en positiv utveckling i Syrien.<\/p>\n","protected":false},"excerpt":{"rendered":"share-arrowDela unsaveSpara expand-left helsk\u00e4rmTurkiets utrikesminister Hakan Fidan (v\u00e4nster) och den syriske utrikesministern Asaad al-Shaibani p\u00e5 en presskonferens p\u00e5&hellip;\n","protected":false},"author":2,"featured_media":114364,"comment_status":"","ping_status":"","sticky":false,"template":"","format":"standard","meta":{"footnotes":""},"categories":[5],"tags":[22,23,26,27,17,21,24,25,28,29,15,16,18,34,31,33,32,30,19,20],"class_list":{"0":"post-114363","1":"post","2":"type-post","3":"status-publish","4":"format-standard","5":"has-post-thumbnail","7":"category-rubriker","8":"tag-breaking-news","9":"tag-breakingnews","10":"tag-featured-news","11":"tag-featurednews","12":"tag-headlines","13":"tag-huvudnyheter","14":"tag-latest-news","15":"tag-latestnews","16":"tag-main-news","17":"tag-mainnews","18":"tag-news","19":"tag-nyheter","20":"tag-rubriker","21":"tag-se","22":"tag-svenska","23":"tag-sverige","24":"tag-sweden","25":"tag-swedish","26":"tag-top-stories","27":"tag-topstories"},"share_on_mastodon":{"url":"https:\/\/pubeurope.com\/@se\/115765480396754577","error":""},"_links":{"self":[{"href":"https:\/\/www.europesays.com\/se\/wp-json\/wp\/v2\/posts\/114363","targetHints":{"allow":["GET"]}}],"collection":[{"href":"https:\/\/www.europesays.com\/se\/wp-json\/wp\/v2\/posts"}],"about":[{"href":"https:\/\/www.europesays.com\/se\/wp-json\/wp\/v2\/types\/post"}],"author":[{"embeddable":true,"href":"https:\/\/www.europesays.com\/se\/wp-json\/wp\/v2\/users\/2"}],"replies":[{"embeddable":true,"href":"https:\/\/www.europesays.com\/se\/wp-json\/wp\/v2\/comments?post=114363"}],"version-history":[{"count":0,"href":"https:\/\/www.europesays.com\/se\/wp-json\/wp\/v2\/posts\/114363\/revisions"}],"wp:featuredmedia":[{"embeddable":true,"href":"https:\/\/www.europesays.com\/se\/wp-json\/wp\/v2\/media\/114364"}],"wp:attachment":[{"href":"https:\/\/www.europesays.com\/se\/wp-json\/wp\/v2\/media?parent=114363"}],"wp:term":[{"taxonomy":"category","embeddable":true,"href":"https:\/\/www.europesays.com\/se\/wp-json\/wp\/v2\/categories?post=114363"},{"taxonomy":"post_tag","embeddable":true,"href":"https:\/\/www.europesays.com\/se\/wp-json\/wp\/v2\/tags?post=114363"}],"curies":[{"name":"wp","href":"https:\/\/api.w.org\/{rel}","templated":true}]}}