{"id":114369,"date":"2025-12-22T22:18:10","date_gmt":"2025-12-22T22:18:10","guid":{"rendered":"https:\/\/www.europesays.com\/se\/114369\/"},"modified":"2025-12-22T22:18:10","modified_gmt":"2025-12-22T22:18:10","slug":"lunds-kommun-sponsrar-forfattare-som-sprider-terrorstod","status":"publish","type":"post","link":"https:\/\/www.europesays.com\/se\/114369\/","title":{"rendered":"Lunds kommun sponsrar f\u00f6rfattare som sprider terrorst\u00f6d"},"content":{"rendered":"<p>Publicerad 22 dec 2025 kl 20.40Uppdaterad kl 22.38<\/p>\n<p>Lunds kommun sponsrar en palestinsk f\u00f6rfattare som en del av en satsning f\u00f6r konstn\u00e4rliga frist\u00e4der.<\/p>\n<p>F\u00f6r det betalar kommunen \u00f6ver 900\u00a0000 kronor.<\/p>\n<p>Samtidigt hyllar f\u00f6rfattaren 7 oktober-attacken och visar \u00f6ppet st\u00f6d f\u00f6r terrorgrupper.<\/p>\n<p>Nu planerar kommunen att stoppa stipendiet.<\/p>\n<p><img   alt=\"\"\/><\/p>\n<p>F\u00f6rfattaren har bland annat delat inl\u00e4gg med hyllningar till Hamasledaren Yahya Sinwar som d\u00f6dades i Gaza 2024.<\/p>\n<p>Foto: Adel Hana\/AP\/TT<\/p>\n<p>\u00d6ppna bild i helsk\u00e4rm<img loading=\"lazy\"   alt=\"\"\/><\/p>\n<p>Kommunhuset i Lund.<\/p>\n<p>Foto: Johan Nilsson\/TT<\/p>\n<p>\u00d6ppna bild i helsk\u00e4rmArtikeln i korthet<\/p>\n<p> Lunds kommuns fristadsf\u00f6rfattare har offentligt uttryckt st\u00f6d f\u00f6r Hamas och andra terrorst\u00e4mplade organisationer, samt hyllat Hamas attack mot Israel den 7 oktober.<\/p>\n<p> En expert menar att hennes uttalanden \u00e4r terrorglorifiering.<\/p>\n<p> Nu vill Lunds kommun stoppa stipendiet.<\/p>\n<p>Visa mer<\/p>\n<p>P\u00e5 flera h\u00e5ll i v\u00e4rlden inskr\u00e4nks yttrandefriheten. D\u00e4rf\u00f6r startades ett n\u00e4tverk f\u00f6r demokratiska l\u00e4nder att ta emot f\u00f6rfattare, journalister och konstn\u00e4rer. Den som blir antagen f\u00e5r en fristad och resurser att g\u00f6ra sina verk under tv\u00e5 \u00e5rs tid.\u00a0<\/p>\n<p>I v\u00e4rlden finns omkring 70 frist\u00e4der \u2013 i Sverige \u00e4r 25 st\u00e4der anslutna. N\u00e4tverket har st\u00f6ttat personer fr\u00e5n bland annat Belarus, Iran, Afghanistan, Etiopien, Nigeria, Myanmar, Honduras och Kina.<\/p>\n<p>Lund v\u00e4lkomnade i v\u00e5ras sin tredje fristadskonstn\u00e4r: En f\u00f6rfattare med palestinska r\u00f6tter, som bland annat ska \u00f6vers\u00e4tta Karin Boyes dikter till arabiska.<\/p>\n<p>F\u00f6rfattaren f\u00e5r ett stipendium p\u00e5 10\u00a0000 kronor i m\u00e5naden, en avgiftsfri och m\u00f6blerad l\u00e4genhet samt hj\u00e4lp av en samordnare p\u00e5 kommunen. Totalt kostar det kommunen 466\u00a0000 kronor om \u00e5ret.<\/p>\n<p><img loading=\"lazy\"   alt=\"\"\/><\/p>\n<p>Efter Hamasledaren Yahya Sinwars d\u00f6d publicerar f\u00f6rfattaren ett inl\u00e4gg som hyllar honom som en martyr och gudomligt utvald ledare.<\/p>\n<p>\u00d6ppna bild i helsk\u00e4rm<img loading=\"lazy\"   alt=\"\"\/><\/p>\n<p>N\u00e4r Hizbollaledaren d\u00f6dades av Israel publicerar f\u00f6rfattaren ett inl\u00e4gg och beklagar \u201dmartyren\u201d Nasrallahs d\u00f6d.<\/p>\n<p>\u00d6ppna bild i helsk\u00e4rm<img loading=\"lazy\"   alt=\"\"\/><\/p>\n<p>N\u00e4r nyheterna om attackerna mot Israel kom ut uppmanade f\u00f6rfattaren m\u00e4nniskor att fira och dela ut godis.<\/p>\n<p>\u00d6ppna bild i helsk\u00e4rm<img loading=\"lazy\"   alt=\"\"\/><\/p>\n<p>\u201dV\u00e4rlden kommer aldrig att gl\u00f6mma din f\u00f6rsta och din sista blick. Det \u00e4r en tidl\u00f6s, legendarisk ber\u00e4ttelse djupt inristad i historien f\u00f6r alla generationer\u201d, skriver f\u00f6rfattaren med en bild p\u00e5 Yahya Sinwar.<\/p>\n<p>\u00d6ppna bild i helsk\u00e4rm<img loading=\"lazy\"   alt=\"\"\/><\/p>\n<p>B\u00e5de ett och tv\u00e5 \u00e5r efter 7 oktober hyllar f\u00f6rfattaren attackerna.<\/p>\n<p>\u00d6ppna bild i helsk\u00e4rmInl\u00e4gget p\u00e5 7 oktober: \u201dDela ut godis\u201d<\/p>\n<p>Samtidigt har f\u00f6rfattaren i flera \u00e5r offentligt uttryckt st\u00f6d f\u00f6r Hamas och andra terrorst\u00e4mplade organisationer i Palestina och n\u00e4romr\u00e5det.<\/p>\n<p>Den 7 oktober publicerade f\u00f6rfattaren flera inl\u00e4gg d\u00e4r Hamas attack mot Israel hyllades.<\/p>\n<p>\u201dDela ut godis p\u00e5 gatorna av gl\u00e4dje och fest. F\u00f6r varje martyr fr\u00e5n oss, jubla och s\u00e4g Allahu akbar\u201d, skrev f\u00f6rfattaren.\u00a0<\/p>\n<p>F\u00f6rfattaren har \u00e4ven delat inl\u00e4gg med hyllningar till Hamasledarna Yahya Sinwar och Ismail Haniya, samt stridande fr\u00e5n terrorst\u00e4mplade Islamiska jihad och den d\u00f6dade Hizbollahledaren Hassan Nasrallah.<\/p>\n<p>I en intervju med New York Times i februari uttalade sig Hamasledaren Mousa Abu Marzouk p\u00e5 ett s\u00e4tt som av kritiker tolkades som att Hamas kan \u00f6ppna f\u00f6r politiska l\u00f6sningar och f\u00f6rhandlingar. F\u00f6rfattaren skrev d\u00e5 att alla former av kompromisser kring v\u00e4pnad kamp \u00e4r oacceptabla.<\/p>\n<p>F\u00f6rfattaren avvisade politiska l\u00f6sningar och f\u00f6rhandlingar \u2013 ledare som \u00f6ppnar f\u00f6r politiska l\u00f6sningar st\u00e4mplades som f\u00f6rr\u00e4dare.<\/p>\n<p><img loading=\"lazy\"   alt=\"\"\/><\/p>\n<p>Statsvetaren Anders Persson menar att det \u00e4r vanligt bland palestinier att st\u00f6dja den v\u00e4pnade kampen mot Israel, b\u00e5de det som faller inom ramen f\u00f6r folkr\u00e4tten och terrord\u00e5d.<\/p>\n<p>Foto: Johan Nilsson\/TT<\/p>\n<p>\u00d6ppna bild i helsk\u00e4rmExperten: Terrorglorifiering<\/p>\n<p>Mycket av inneh\u00e5llet i f\u00f6rfattarens inl\u00e4gg \u00e4r terrorglorifiering, anser Anders Persson, statsvetare vid Linn\u00e9universitetet med fokus p\u00e5 Israel och Palestina. Det \u00e4r n\u00e5got han sett en hel del av i Sverige sedan den 7 oktober 2023.<\/p>\n<p>\u2013 Hamas och Hizbollah har v\u00e4ldigt starkt st\u00f6d p\u00e5 de platser de verkar. D\u00e4r finns det en klyfta mellan de h\u00e4r regionerna och v\u00e4st, d\u00e4r de \u00e4r terrorst\u00e4mplade, s\u00e4ger han.<\/p>\n<p>Han f\u00f6rklarar att det \u00e4r vanligt att st\u00f6dja den v\u00e4pnade kampen mot Israel, b\u00e5de det som faller inom ramen f\u00f6r folkr\u00e4tten och terrord\u00e5d. Att individer hyllar terrorst\u00e4mplade v\u00e4pnade grupper med vitt skilda ideologier \u00e4r ocks\u00e5 vanligt.<\/p>\n<p>Visa merLunds kommun: Sv\u00e5rt att v\u00e4rdera i en svensk kontext<\/p>\n<p>M\u00e5rthen Mirza \u00e4r kulturchef p\u00e5 Lunds kommun. Han s\u00e4ger att kommunen inte k\u00e4nde till f\u00f6rfattarens uttalanden.<\/p>\n<p>Han p\u00e5pekar att kommunen inte st\u00e4ller sig bakom f\u00f6rfattarens inl\u00e4gg. Samtidigt understryker han att konstn\u00e4rskap \u00e4r politiskt och att man genom att bjuda in konstn\u00e4rer tar st\u00e4llning f\u00f6r yttrandefriheten och personer som inte kan verka i sina egna heml\u00e4nder.<\/p>\n<p>Annons<\/p>\n<p>\u2013 Sedan kan det inneb\u00e4ra att man ocks\u00e5 konfronteras med andra typer av fr\u00e5gor. Det h\u00e4r \u00e4r v\u00e5r tredje fristadsg\u00e4st, vi har haft en fr\u00e5n Belarus och en fr\u00e5n Etiopien, och i alla de h\u00e4r fallen handlar det om personer vars konstn\u00e4rskap \u00e4r politiskt, och det \u00e4r komplicerat att i en svensk kontext sitta och v\u00e4rdera det ut\u00f6vandet.<\/p>\n<p>\u2013 Det \u00e4r ocks\u00e5 en stor skillnad p\u00e5 att inte st\u00e5 bakom de uttalandena, och att det skulle betyda att vi inte st\u00e5r bakom beslutet att bjuda in f\u00f6rfattaren som fristadsg\u00e4st. Det \u00e4r inte n\u00f6dv\u00e4ndigtvis s\u00e5 att det \u00e4r synonymt.<\/p>\n<p><img loading=\"lazy\"   alt=\"\"\/><\/p>\n<p>M\u00e5rthen Mirza s\u00e4ger att kommunen f\u00f6rlitade sig p\u00e5 ICORN:s urval. ICORN \u00e4r det internationella n\u00e4tverket som kopplar ihop frist\u00e4der och kulturskapare.<\/p>\n<p>Foto: Fredrik \u00c5kerberg\/Lunds kommun<\/p>\n<p>\u00d6ppna bild i helsk\u00e4rmF\u00f6rfattaren: Inte olagligt<\/p>\n<p>Men dagen efter intervjun med Expressen meddelar kommunen att man nu kommer \u00f6ppna ett \u00e4rende, med m\u00e5let att avsluta f\u00f6rfattarens fristadsstipendium.<\/p>\n<p>Det \u00e4r inte f\u00f6rsta g\u00e5ngen det sker i Sk\u00e5ne. En tidigare fristadskonstn\u00e4r i Malm\u00f6 blev av med sitt stipendium efter att han blev d\u00f6md f\u00f6r narkotikasmuggling.<\/p>\n<p>Men eftersom det i f\u00f6rfattarens fall inte handlar om lagbrott ska kommunen unders\u00f6ka vad som kan g\u00f6ras.<\/p>\n<p>\u2013 Slutsatsen efter att ha pratat om det h\u00e4r i kommunledningen \u00e4r att hade vi vetat om det h\u00e4r s\u00e5 hade vi inte bjudit in f\u00f6rfattaren, s\u00e4ger M\u00e5rthen Mirza.<\/p>\n<p>Expressen f\u00e5r kontakt med f\u00f6rfattaren via mejl. F\u00f6rfattaren skriver att inl\u00e4ggen \u00e4r tagna ur sitt sammanhang och att svensk grundlag skyddar \u00e4ven kontroversiella och radikala yttringar.<\/p>\n<p>\u201dSvensk lag kriminaliserar inte politiska uppfattningar, historiska tolkningar eller retoriska uttryck, s\u00e5vida de inte inneb\u00e4r direkt, uttrycklig och konkret uppmaning till v\u00e5ld mot civila eller deltagande i brottslig verksamhet. Inget av dessa kriterier \u00e4r uppfyllda i det aktuella materialet.\u201d<\/p>\n<p>Detta \u00e4r ICORN<\/p>\n<p>ICORN, eller Frist\u00e4der f\u00f6r f\u00f6rfattare och kulturpersoner, \u00e4r ett internationellt n\u00e4tverk av st\u00e4der och regioner som ger skydd till f\u00f6rfattare och kulturpersonligheter fr\u00e5n hela v\u00e4rlden. Initiativet riktar sig till de som inte kan verka i sitt hemland och har sitt s\u00e4te i Stavanger, Norge.\u00a0<\/p>\n<p>N\u00e4tverket grundades i b\u00f6rjan av 90-talet av f\u00f6rfattaren Salman Rushdie. Sedan dess har den genomg\u00e5tt flera f\u00f6r\u00e4ndringar och i dag \u00e4r \u00f6ver 70 st\u00e4der och regioner anslutna. I Sverige \u00e4r omkring 25 st\u00e4der med.\u00a0<\/p>\n<p>I Lund kostar deltagandet i ICORN 932\u00a0000 kronor \u00f6ver tv\u00e5 \u00e5r. Det t\u00e4cker kostnaden f\u00f6r medlemskapet i ICORN, stipendium till f\u00f6rfattaren, resor, arrangemang, l\u00e4genhet, bredband och telefoni samt en litteraturkoordinator p\u00e5 25 procent.\u00a0<\/p>\n<p><strong>Kostnaderna per \u00e5r:<\/strong><\/p>\n<p>Medlemskap ICORN: 25 000 kronor<\/p>\n<p>Omkostnader, resor, arrangemang etc: 60 000 kronor<\/p>\n<p>Stipendium till f\u00f6rfattaren: 120 000 kronor<\/p>\n<p>L\u00e4genhet: 65 000 kronor<\/p>\n<p>Bredband, telefoni: 6 000 kronor<\/p>\n<p>Koordinator p\u00e5 25 procent: 190\u00a0000 kronor<\/p>\n<p>Totalt: 466\u00a0000 kronor<\/p>\n<p>K\u00e4lla: Kulturradet.se och Lund.se<\/p>\n<p>Visa mer<\/p>\n","protected":false},"excerpt":{"rendered":"Publicerad 22 dec 2025 kl 20.40Uppdaterad kl 22.38 Lunds kommun sponsrar en palestinsk f\u00f6rfattare som en del av&hellip;\n","protected":false},"author":2,"featured_media":114370,"comment_status":"","ping_status":"","sticky":false,"template":"","format":"standard","meta":{"footnotes":""},"categories":[5],"tags":[22,23,26,27,17,21,24,25,28,29,15,16,18,34,154,31,33,32,30,19,996,2836,20],"class_list":{"0":"post-114369","1":"post","2":"type-post","3":"status-publish","4":"format-standard","5":"has-post-thumbnail","7":"category-rubriker","8":"tag-breaking-news","9":"tag-breakingnews","10":"tag-featured-news","11":"tag-featurednews","12":"tag-headlines","13":"tag-huvudnyheter","14":"tag-latest-news","15":"tag-latestnews","16":"tag-main-news","17":"tag-mainnews","18":"tag-news","19":"tag-nyheter","20":"tag-rubriker","21":"tag-se","22":"tag-sections-sverige","23":"tag-svenska","24":"tag-sverige","25":"tag-sweden","26":"tag-swedish","27":"tag-top-stories","28":"tag-topic-myndigheter","29":"tag-topic-terrorism","30":"tag-topstories"},"share_on_mastodon":{"url":"https:\/\/pubeurope.com\/@se\/115765543153124914","error":""},"_links":{"self":[{"href":"https:\/\/www.europesays.com\/se\/wp-json\/wp\/v2\/posts\/114369","targetHints":{"allow":["GET"]}}],"collection":[{"href":"https:\/\/www.europesays.com\/se\/wp-json\/wp\/v2\/posts"}],"about":[{"href":"https:\/\/www.europesays.com\/se\/wp-json\/wp\/v2\/types\/post"}],"author":[{"embeddable":true,"href":"https:\/\/www.europesays.com\/se\/wp-json\/wp\/v2\/users\/2"}],"replies":[{"embeddable":true,"href":"https:\/\/www.europesays.com\/se\/wp-json\/wp\/v2\/comments?post=114369"}],"version-history":[{"count":0,"href":"https:\/\/www.europesays.com\/se\/wp-json\/wp\/v2\/posts\/114369\/revisions"}],"wp:featuredmedia":[{"embeddable":true,"href":"https:\/\/www.europesays.com\/se\/wp-json\/wp\/v2\/media\/114370"}],"wp:attachment":[{"href":"https:\/\/www.europesays.com\/se\/wp-json\/wp\/v2\/media?parent=114369"}],"wp:term":[{"taxonomy":"category","embeddable":true,"href":"https:\/\/www.europesays.com\/se\/wp-json\/wp\/v2\/categories?post=114369"},{"taxonomy":"post_tag","embeddable":true,"href":"https:\/\/www.europesays.com\/se\/wp-json\/wp\/v2\/tags?post=114369"}],"curies":[{"name":"wp","href":"https:\/\/api.w.org\/{rel}","templated":true}]}}