{"id":114375,"date":"2025-12-22T22:34:14","date_gmt":"2025-12-22T22:34:14","guid":{"rendered":"https:\/\/www.europesays.com\/se\/114375\/"},"modified":"2025-12-22T22:34:14","modified_gmt":"2025-12-22T22:34:14","slug":"region-vasternorrland-251222-nya-beslut-i-styrgruppen-for-sjukhusstrukturforandringen","status":"publish","type":"post","link":"https:\/\/www.europesays.com\/se\/114375\/","title":{"rendered":"Region V\u00e4sternorrland &#8211; 251222 Nya beslut i styrgruppen f\u00f6r sjukhusstrukturf\u00f6r\u00e4ndringen"},"content":{"rendered":"<p><img decoding=\"async\" src=\"https:\/\/www.europesays.com\/se\/wp-content\/uploads\/2025\/12\/1299_collage-med-sjukhusen-ny_webb.jpg\" alt=\"Collage av l\u00e4nets tre sjukhus.\" class=\"\"\/>&#13;<br \/>\n    &#13;<\/p>\n<p class=\"main-intro\">\n                                                Styrgruppen f\u00f6r sjukhusstrukturf\u00f6r\u00e4ndringen har under m\u00e5ndagen behandlat f\u00f6ljande \u00e4renden:\n                                            <\/p>\n<ul>\n<li>Underlag kopplat till \u201dSt\u00e4ngning av tv\u00e5 v\u00e5rdplatser i Sollefte\u00e5 och om permanent st\u00e4ngning kan fullf\u00f6ljas vid \u00e5rsskifte enligt tidigare beslut\u201d.<\/li>\n<li>Slutrapport f\u00f6r \u201dMedicinsk selektering \u2013 Barnfl\u00f6de\u201d.<\/li>\n<li>Projektdirektiv f\u00f6r \u201dOmst\u00e4llningsprocess \u2013 HR\u201d. <\/li>\n<\/ul>\n<p>N\u00e4r det g\u00e4ller st\u00e4ngning av tv\u00e5 v\u00e5rdplatser f\u00f6r barn vid sjukhuset i Sollefte\u00e5 st\u00e4ller sig styrgruppen bakom verksamhetschefen f\u00f6r barn- och ungdomsmedicins \u00f6nskem\u00e5l om att f\u00e5 mer tid f\u00f6r kompletterande arbetsmilj\u00f6analyser. <\/p>\n<p>Detta inneb\u00e4r att v\u00e5rdplatserna f\u00f6r barn i Sollefte\u00e5 st\u00e4nger f\u00f6r jul- och ny\u00e5rsledighet den 23 december kl 16.00 och \u00f6ppnar igen den 7 januari 2026. Den permanenta st\u00e4ngningen genomf\u00f6rs d\u00e5 fr\u00e5n och med den 30 januari.<\/p>\n<p>Vid styrgruppsm\u00f6tet godk\u00e4ndes slutrapporten f\u00f6r medicinsk selektering f\u00f6r barnfl\u00f6det och projektdirektivet f\u00f6r \u201dOmst\u00e4llningsprocess \u2013 HR\u201d. Uppdraget f\u00f6r HR \u00e4r att se till att respektive \u00f6verf\u00f6ringsprojekt och verksamheter f\u00e5r det HR-st\u00f6d de beh\u00f6ver och att samordningen av omst\u00e4llningsprocesser kan vara effektiv.<\/p>\n<blockquote>\n<p>\u2013 Nu har vi f\u00e5tt klartecken f\u00f6r att g\u00e5 vidare med att ta fram en fortsatt planering f\u00f6r det konkreta st\u00f6d som de ber\u00f6rda verksamheterna beh\u00f6ver i omst\u00e4llningen. Vi vill att s\u00e5 m\u00e5nga medarbetare som m\u00f6jligt ska stanna kvar hos oss och vi vill ge dem f\u00f6ruts\u00e4ttningar att fatta \u00f6verv\u00e4gda beslut, s\u00e4ger Maria Strandberg, h\u00e4lso- och sjukv\u00e5rdsdirekt\u00f6r i Region V\u00e4sternorrland.<\/p>\n<\/blockquote>\n<p><a href=\"https:\/\/www.rvn.se\/contentassets\/4ea48a9bb82a454b842916c7de7b3ef3\/projektdirektiv-omstallningsprocess-hr.pdf\" rel=\"nofollow noopener\" target=\"_blank\">Projektdirektiv Omst\u00e4llningsprocess HR.pdf<\/a><\/p>\n<p><a href=\"https:\/\/www.rvn.se\/contentassets\/4ea48a9bb82a454b842916c7de7b3ef3\/slutrapport-medicinsk-selektering-barnflode.pdf\" rel=\"nofollow noopener\" target=\"_blank\">Slutrapport medicinsk selektering barnfl\u00f6de.pdf<\/a><\/p>\n<p>\u00a0<br \/>\nFaktaruta<br \/>\nProgramdirektiv<\/p>\n<p>Programdirektivet ger en samordning av flera relaterade projekt som tillsammans ska uppn\u00e5 ett st\u00f6rre, l\u00e5ngsiktigt m\u00e5l. Programmet styr och koordinerar projekten f\u00f6r att skapa helhet och effekt.<\/p>\n<p>Projektdirektiv<\/p>\n<p>Projektdirektivet s\u00e4kerst\u00e4ller att projekten har tydliga ramar innan de startar. Projektdirektivet beslutas av styrgruppen. I projektdirektivet st\u00e5r bakgrund, syfte, m\u00e5l, avgr\u00e4nsningar och tidsram. Projekten \u00e4r tidsbegr\u00e4nsade satsningar med specifika resultat. <\/p>\n<p>Projektplan<\/p>\n<p>En projektplan \u00e4r styrdokumentet f\u00f6r projektets genomf\u00f6rande. Den tas fram av projektledaren och fungerar som en manual f\u00f6r hur projektet ska genomf\u00f6ras. I den finns projektets m\u00e5l, aktiviteter, arbetsuppgifter, riskanalyser, tidsplan och kommunikationsplan. Projektplanen skapar tydlighet och gemensam f\u00f6rst\u00e5else kring uppdraget och g\u00f6r det m\u00f6jligt att f\u00f6lja upp projektets framdrift och s\u00e4kerst\u00e4lla att m\u00e5len n\u00e5s.<\/p>\n<p>&#13;<br \/>\n&#13;<br \/>\n&#13;<br \/>\n&#13;<\/p>\n","protected":false},"excerpt":{"rendered":"&#13; &#13; Styrgruppen f\u00f6r sjukhusstrukturf\u00f6r\u00e4ndringen har under m\u00e5ndagen behandlat f\u00f6ljande \u00e4renden: Underlag kopplat till \u201dSt\u00e4ngning av tv\u00e5 v\u00e5rdplatser&hellip;\n","protected":false},"author":2,"featured_media":114376,"comment_status":"","ping_status":"","sticky":false,"template":"","format":"standard","meta":{"footnotes":""},"categories":[5],"tags":[22,23,26,27,17,21,24,25,28,29,15,16,18,34,31,33,32,30,19,20],"class_list":{"0":"post-114375","1":"post","2":"type-post","3":"status-publish","4":"format-standard","5":"has-post-thumbnail","7":"category-rubriker","8":"tag-breaking-news","9":"tag-breakingnews","10":"tag-featured-news","11":"tag-featurednews","12":"tag-headlines","13":"tag-huvudnyheter","14":"tag-latest-news","15":"tag-latestnews","16":"tag-main-news","17":"tag-mainnews","18":"tag-news","19":"tag-nyheter","20":"tag-rubriker","21":"tag-se","22":"tag-svenska","23":"tag-sverige","24":"tag-sweden","25":"tag-swedish","26":"tag-top-stories","27":"tag-topstories"},"share_on_mastodon":{"url":"https:\/\/pubeurope.com\/@se\/115765606425891613","error":""},"_links":{"self":[{"href":"https:\/\/www.europesays.com\/se\/wp-json\/wp\/v2\/posts\/114375","targetHints":{"allow":["GET"]}}],"collection":[{"href":"https:\/\/www.europesays.com\/se\/wp-json\/wp\/v2\/posts"}],"about":[{"href":"https:\/\/www.europesays.com\/se\/wp-json\/wp\/v2\/types\/post"}],"author":[{"embeddable":true,"href":"https:\/\/www.europesays.com\/se\/wp-json\/wp\/v2\/users\/2"}],"replies":[{"embeddable":true,"href":"https:\/\/www.europesays.com\/se\/wp-json\/wp\/v2\/comments?post=114375"}],"version-history":[{"count":0,"href":"https:\/\/www.europesays.com\/se\/wp-json\/wp\/v2\/posts\/114375\/revisions"}],"wp:featuredmedia":[{"embeddable":true,"href":"https:\/\/www.europesays.com\/se\/wp-json\/wp\/v2\/media\/114376"}],"wp:attachment":[{"href":"https:\/\/www.europesays.com\/se\/wp-json\/wp\/v2\/media?parent=114375"}],"wp:term":[{"taxonomy":"category","embeddable":true,"href":"https:\/\/www.europesays.com\/se\/wp-json\/wp\/v2\/categories?post=114375"},{"taxonomy":"post_tag","embeddable":true,"href":"https:\/\/www.europesays.com\/se\/wp-json\/wp\/v2\/tags?post=114375"}],"curies":[{"name":"wp","href":"https:\/\/api.w.org\/{rel}","templated":true}]}}