{"id":114383,"date":"2025-12-22T22:48:09","date_gmt":"2025-12-22T22:48:09","guid":{"rendered":"https:\/\/www.europesays.com\/se\/114383\/"},"modified":"2025-12-22T22:48:09","modified_gmt":"2025-12-22T22:48:09","slug":"trump-ska-bygga-slagskepp-gyllene-flotta","status":"publish","type":"post","link":"https:\/\/www.europesays.com\/se\/114383\/","title":{"rendered":"Trump ska bygga slagskepp \u2013 \u201dgyllene flotta\u201d"},"content":{"rendered":"<p><a data-test-tag=\"internal-link\" href=\"https:\/\/www.aftonbladet.se\/av\/nora-fernstedt\" class=\"hyperion-css-13ns1rr\" rel=\"nofollow noopener\" target=\"\" aria-label=\"Se alla artiklar av Nora Fernstedt\"><img decoding=\"async\" class=\"image-asset hyperion-css-n6kkq1\" data-test-tag=\"image-asset\" src=\"https:\/\/www.europesays.com\/se\/wp-content\/uploads\/2025\/12\/1766443689_419_4898f780-21e5-4fc9-aaf6-8b2690fbf32e\"  alt=\"\"  loading=\"lazy\" fetchpriority=\"auto\" style=\"aspect-ratio:1900 \/ 1900\"\/><\/a><\/p>\n<p class=\"boxtextgrotesk-root_baa6 hyperion-css-7pajle\">Uppdaterad 23.47 | Publicerad 23.14<\/p>\n<p>share-arrowDela<\/p>\n<p>unsaveSpara<\/p>\n<p>expand-left<\/p>\n<p>helsk\u00e4rm<img decoding=\"async\" class=\"image-asset hyperion-css-u06ts1\" data-test-tag=\"image-asset\" src=\"https:\/\/www.europesays.com\/se\/wp-content\/uploads\/2025\/12\/47aae751-2925-4183-a736-c09b76054fb4\"  alt=\"Trump presenterade planerna under en presstr\u00e4ff.\"  loading=\"eager\" fetchpriority=\"high\" style=\"aspect-ratio:1900 \/ 1069\"\/>Trump presenterade planerna under en presstr\u00e4ff. Foto: Alex Brandon \/ AP<\/p>\n<p class=\"hyperion-css-1shl3oz\" data-test-tag=\"lead-text\">Den amerikanska flottan ska f\u00e5 tv\u00e5 helt nya slagskepp.<\/p>\n<p class=\"hyperion-css-1shl3oz\" data-test-tag=\"lead-text\">Det s\u00e4ger president Donald Trump p\u00e5 en presstr\u00e4ff.<\/p>\n<p class=\"hyperion-css-1shl3oz\" data-test-tag=\"lead-text\">\u2013 Det har aldrig byggts n\u00e5got liknande.<\/p>\n<p class=\"hyperion-css-1v9qo5x\">Presidenten ber\u00e4ttar att man ska skapa en helt ny \u201dTrump\u201d-klass av krigsfartyg.<\/p>\n<p class=\"hyperion-css-1v9qo5x\">\u2013 De kommer att vara de snabbaste, de st\u00f6rsta hittills och 100 g\u00e5nger kraftfullare \u00e4n n\u00e5got slagskepp som n\u00e5gonsin byggts, forts\u00e4tter Trump.<\/p>\n<p class=\"hyperion-css-1v9qo5x\">Slagskeppen ska bli b\u00f6rjan p\u00e5 f\u00f6rsvarets \u201dgyllene flotta\u201d, s\u00e4ger han. <\/p>\n<p>expand-left<\/p>\n<p>helsk\u00e4rm<img decoding=\"async\" class=\"image-asset hyperion-css-u06ts1\" data-test-tag=\"image-asset\" src=\"https:\/\/www.europesays.com\/se\/wp-content\/uploads\/2025\/12\/9bbb0677-6ef0-4922-a8d5-739505e130b0\"  alt=\"\"  loading=\"eager\" fetchpriority=\"high\" style=\"aspect-ratio:1900 \/ 1267\"\/> Foto: Alex Brandon \/ AP<\/p>\n<p class=\"hyperion-css-1v9qo5x\">Man ska b\u00f6rja med tv\u00e5 \u2013 men med tiden ska det ut\u00f6kas till en flotta med 20\u201325 fartyg.<\/p>\n<p class=\"hyperion-css-1v9qo5x\">De kommer att vara tillverkade av st\u00e5l och v\u00e4ga mellan 30 000 och 40 000 ton. Slagskeppen kommer att vara utrustade med vapen och robotar s\u00e5 v\u00e4l som hypersoniska vapen och \u201dkraftfulla lasrar\u201d.<\/p>\n<p class=\"hyperion-css-1v9qo5x\">\u2013 Vi kommer att ha lasrar som du riktar mot ett m\u00e5l och lasern utpl\u00e5nar det. De mest sofistikerade lasrarna i v\u00e4rlden, s\u00e4ger Trump.<\/p>\n","protected":false},"excerpt":{"rendered":"Uppdaterad 23.47 | Publicerad 23.14 share-arrowDela unsaveSpara expand-left helsk\u00e4rmTrump presenterade planerna under en presstr\u00e4ff. Foto: Alex Brandon \/&hellip;\n","protected":false},"author":2,"featured_media":114384,"comment_status":"","ping_status":"","sticky":false,"template":"","format":"standard","meta":{"footnotes":""},"categories":[14],"tags":[22,23,26,27,17,21,24,25,28,29,15,16,18,34,31,33,32,30,19,20,51,52,53,54],"class_list":{"0":"post-114383","1":"post","2":"type-post","3":"status-publish","4":"format-standard","5":"has-post-thumbnail","7":"category-varlden","8":"tag-breaking-news","9":"tag-breakingnews","10":"tag-featured-news","11":"tag-featurednews","12":"tag-headlines","13":"tag-huvudnyheter","14":"tag-latest-news","15":"tag-latestnews","16":"tag-main-news","17":"tag-mainnews","18":"tag-news","19":"tag-nyheter","20":"tag-rubriker","21":"tag-se","22":"tag-svenska","23":"tag-sverige","24":"tag-sweden","25":"tag-swedish","26":"tag-top-stories","27":"tag-topstories","28":"tag-varlden","29":"tag-world","30":"tag-world-news","31":"tag-worldnews"},"share_on_mastodon":{"url":"https:\/\/pubeurope.com\/@se\/115765661390444712","error":""},"_links":{"self":[{"href":"https:\/\/www.europesays.com\/se\/wp-json\/wp\/v2\/posts\/114383","targetHints":{"allow":["GET"]}}],"collection":[{"href":"https:\/\/www.europesays.com\/se\/wp-json\/wp\/v2\/posts"}],"about":[{"href":"https:\/\/www.europesays.com\/se\/wp-json\/wp\/v2\/types\/post"}],"author":[{"embeddable":true,"href":"https:\/\/www.europesays.com\/se\/wp-json\/wp\/v2\/users\/2"}],"replies":[{"embeddable":true,"href":"https:\/\/www.europesays.com\/se\/wp-json\/wp\/v2\/comments?post=114383"}],"version-history":[{"count":0,"href":"https:\/\/www.europesays.com\/se\/wp-json\/wp\/v2\/posts\/114383\/revisions"}],"wp:featuredmedia":[{"embeddable":true,"href":"https:\/\/www.europesays.com\/se\/wp-json\/wp\/v2\/media\/114384"}],"wp:attachment":[{"href":"https:\/\/www.europesays.com\/se\/wp-json\/wp\/v2\/media?parent=114383"}],"wp:term":[{"taxonomy":"category","embeddable":true,"href":"https:\/\/www.europesays.com\/se\/wp-json\/wp\/v2\/categories?post=114383"},{"taxonomy":"post_tag","embeddable":true,"href":"https:\/\/www.europesays.com\/se\/wp-json\/wp\/v2\/tags?post=114383"}],"curies":[{"name":"wp","href":"https:\/\/api.w.org\/{rel}","templated":true}]}}