{"id":114388,"date":"2025-12-22T22:52:10","date_gmt":"2025-12-22T22:52:10","guid":{"rendered":"https:\/\/www.europesays.com\/se\/114388\/"},"modified":"2025-12-22T22:52:10","modified_gmt":"2025-12-22T22:52:10","slug":"sa-bra-ar-juniorkronorna-2026-betyg-pa-alla-spelare-i-jvm-laget","status":"publish","type":"post","link":"https:\/\/www.europesays.com\/se\/114388\/","title":{"rendered":"S\u00e5 bra \u00e4r Juniorkronorna 2026 \u2013 betyg p\u00e5 alla spelare i JVM-laget"},"content":{"rendered":"<p>Publicerad 22 dec 2025 kl 19.25Uppdaterad kl 20.20<\/p>\n<p>Premium26 december \u00f6ppnar JVM upp f\u00f6r svensk del n\u00e4r Juniorkronorna tar sig an Slovakien.\u00a0<\/p>\n<p>Inf\u00f6r turneringen betygs\u00e4tts nu varje spelare av Expressens Adam Johansson och Sanny Lindstr\u00f6m.\u00a0<\/p>\n<p> Tv\u00e5 spelare f\u00e5r h\u00f6gsta betyg: \u201dPotentialen \u00e4r skyh\u00f6g\u201d<\/p>\n<p> Spelaren som kommer vilja mosa s\u00f6nder Kanada<\/p>\n<p> \u201dDen stora, stora skr\u00e4llen i truppen\u201d<\/p>\n<p> 08:an som kan f\u00e5 en nyckelroll<\/p>\n<p> \u201dHan ser ut som en fullvuxen karl\u201d<\/p>\n<p><img   alt=\"\"\/>\u00d6ppna bild i helsk\u00e4rm<\/p>\n","protected":false},"excerpt":{"rendered":"Publicerad 22 dec 2025 kl 19.25Uppdaterad kl 20.20 Premium26 december \u00f6ppnar JVM upp f\u00f6r svensk del n\u00e4r Juniorkronorna&hellip;\n","protected":false},"author":2,"featured_media":114389,"comment_status":"","ping_status":"","sticky":false,"template":"","format":"standard","meta":{"footnotes":""},"categories":[68],"tags":[5748,5945,103,34,255,111,110,31,33,32,30],"class_list":{"0":"post-114388","1":"post","2":"type-post","3":"status-publish","4":"format-standard","5":"has-post-thumbnail","7":"category-sport","8":"tag-organization-juniorkronorna","9":"tag-organization-jvm","10":"tag-premium","11":"tag-se","12":"tag-sections-ishockey","13":"tag-sport","14":"tag-sports","15":"tag-svenska","16":"tag-sverige","17":"tag-sweden","18":"tag-swedish"},"share_on_mastodon":{"url":"https:\/\/pubeurope.com\/@se\/115765676898387604","error":""},"_links":{"self":[{"href":"https:\/\/www.europesays.com\/se\/wp-json\/wp\/v2\/posts\/114388","targetHints":{"allow":["GET"]}}],"collection":[{"href":"https:\/\/www.europesays.com\/se\/wp-json\/wp\/v2\/posts"}],"about":[{"href":"https:\/\/www.europesays.com\/se\/wp-json\/wp\/v2\/types\/post"}],"author":[{"embeddable":true,"href":"https:\/\/www.europesays.com\/se\/wp-json\/wp\/v2\/users\/2"}],"replies":[{"embeddable":true,"href":"https:\/\/www.europesays.com\/se\/wp-json\/wp\/v2\/comments?post=114388"}],"version-history":[{"count":0,"href":"https:\/\/www.europesays.com\/se\/wp-json\/wp\/v2\/posts\/114388\/revisions"}],"wp:featuredmedia":[{"embeddable":true,"href":"https:\/\/www.europesays.com\/se\/wp-json\/wp\/v2\/media\/114389"}],"wp:attachment":[{"href":"https:\/\/www.europesays.com\/se\/wp-json\/wp\/v2\/media?parent=114388"}],"wp:term":[{"taxonomy":"category","embeddable":true,"href":"https:\/\/www.europesays.com\/se\/wp-json\/wp\/v2\/categories?post=114388"},{"taxonomy":"post_tag","embeddable":true,"href":"https:\/\/www.europesays.com\/se\/wp-json\/wp\/v2\/tags?post=114388"}],"curies":[{"name":"wp","href":"https:\/\/api.w.org\/{rel}","templated":true}]}}