{"id":114390,"date":"2025-12-22T22:53:43","date_gmt":"2025-12-22T22:53:43","guid":{"rendered":"https:\/\/www.europesays.com\/se\/114390\/"},"modified":"2025-12-22T22:53:43","modified_gmt":"2025-12-22T22:53:43","slug":"radioprofilen-assia-dahir-lamnar-sveriges-radio","status":"publish","type":"post","link":"https:\/\/www.europesays.com\/se\/114390\/","title":{"rendered":"Radioprofilen Assia Dahir l\u00e4mnar Sveriges Radio"},"content":{"rendered":"<p>Programledaren och radioprofilen Assia Dahir slutar p\u00e5 Sveriges Radio efter fem \u00e5r, skriver TT.<\/p>\n<p>Hon har bland annat varit programledare f\u00f6r \u201dP3 med Ison Glasgow och Assia Dahir\u201d och f\u00f6r \u201dMusikhj\u00e4lpen\u201d.<\/p>\n<p>Omni \u00e4r politiskt obundna och oberoende. Vi str\u00e4var efter att ge fler perspektiv p\u00e5 nyheterna. Har du fr\u00e5gor eller synpunkter kring v\u00e5r rapportering? <a href=\"https:\/\/omni.se\/radioprofilen-assia-dahir-lamnar-sveriges-radio\/a\/mailto:redaktion@omni.se\" class=\"ArticleActions_contactLink__W2F1M\" rel=\"nofollow noopener\" target=\"_blank\">Kontakta redaktionen<\/a><\/p>\n","protected":false},"excerpt":{"rendered":"Programledaren och radioprofilen Assia Dahir slutar p\u00e5 Sveriges Radio efter fem \u00e5r, skriver TT. Hon har bland annat&hellip;\n","protected":false},"author":2,"featured_media":114391,"comment_status":"","ping_status":"","sticky":false,"template":"","format":"standard","meta":{"footnotes":""},"categories":[67],"tags":[11541,104,34,3872,31,33,785,32,30,105],"class_list":{"0":"post-114390","1":"post","2":"type-post","3":"status-publish","4":"format-standard","5":"has-post-thumbnail","7":"category-underhallning","8":"tag-assia-dahir","9":"tag-entertainment","10":"tag-se","11":"tag-sr","12":"tag-svenska","13":"tag-sverige","14":"tag-sveriges-radio","15":"tag-sweden","16":"tag-swedish","17":"tag-underhallning"},"share_on_mastodon":{"url":"https:\/\/pubeurope.com\/@se\/115765680767781336","error":""},"_links":{"self":[{"href":"https:\/\/www.europesays.com\/se\/wp-json\/wp\/v2\/posts\/114390","targetHints":{"allow":["GET"]}}],"collection":[{"href":"https:\/\/www.europesays.com\/se\/wp-json\/wp\/v2\/posts"}],"about":[{"href":"https:\/\/www.europesays.com\/se\/wp-json\/wp\/v2\/types\/post"}],"author":[{"embeddable":true,"href":"https:\/\/www.europesays.com\/se\/wp-json\/wp\/v2\/users\/2"}],"replies":[{"embeddable":true,"href":"https:\/\/www.europesays.com\/se\/wp-json\/wp\/v2\/comments?post=114390"}],"version-history":[{"count":0,"href":"https:\/\/www.europesays.com\/se\/wp-json\/wp\/v2\/posts\/114390\/revisions"}],"wp:featuredmedia":[{"embeddable":true,"href":"https:\/\/www.europesays.com\/se\/wp-json\/wp\/v2\/media\/114391"}],"wp:attachment":[{"href":"https:\/\/www.europesays.com\/se\/wp-json\/wp\/v2\/media?parent=114390"}],"wp:term":[{"taxonomy":"category","embeddable":true,"href":"https:\/\/www.europesays.com\/se\/wp-json\/wp\/v2\/categories?post=114390"},{"taxonomy":"post_tag","embeddable":true,"href":"https:\/\/www.europesays.com\/se\/wp-json\/wp\/v2\/tags?post=114390"}],"curies":[{"name":"wp","href":"https:\/\/api.w.org\/{rel}","templated":true}]}}