{"id":114425,"date":"2025-12-22T23:25:44","date_gmt":"2025-12-22T23:25:44","guid":{"rendered":"https:\/\/www.europesays.com\/se\/114425\/"},"modified":"2025-12-22T23:25:44","modified_gmt":"2025-12-22T23:25:44","slug":"skidskyttestjarnans-chock-efter-lappen-fran-flygvardinnan-skidskytte","status":"publish","type":"post","link":"https:\/\/www.europesays.com\/se\/114425\/","title":{"rendered":"Skidskyttestj\u00e4rnans chock efter lappen fr\u00e5n flygv\u00e4rdinnan | Skidskytte"},"content":{"rendered":"<p>Publicerad 21 dec 2025 kl 09.29<\/p>\n<p>Marketa Davidova h\u00e5ller som b\u00e4st p\u00e5 att k\u00e4mpa sig tillbaka till toppen efter sin skada.<\/p>\n<p>Inf\u00f6r t\u00e4vlingarna i Annecy fick hon ov\u00e4ntat st\u00f6d \u2013 av en flygv\u00e4rdinna.<\/p>\n<p>\u2013 M\u00e5 fem svarta m\u00e5ltavlor bli vita, stod det p\u00e5 en lapp till\u00e4gnad tjeckiskan.<\/p>\n<p><img   alt=\"\"\/> <\/p>\n<p>Foto: MATTHIAS SCHRADER \/ AP TT NYHETSBYR\u00c5N<\/p>\n<p>\u00d6ppna bild i helsk\u00e4rm<img loading=\"lazy\"   alt=\"\"\/> <\/p>\n<p>Foto: Instagram<\/p>\n<p>\u00d6ppna bild i helsk\u00e4rm<img loading=\"lazy\"   alt=\"\"\/> <\/p>\n<p>Foto: KIMMO BRANDT \/ EPA COMPIC<\/p>\n<p>\u00d6ppna bild i helsk\u00e4rm<\/p>\n<p>Marketa Davidova, 28, har haft ett par tunga \u00e5r i skidskyttesp\u00e5ren sedan VM-guldet i distansloppet i Pokljuka 2021. I v\u00e5ras ber\u00e4ttade tjeckiskan att hon opererats f\u00f6r diskbr\u00e5ck <a href=\"https:\/\/www.expressen.se\/sport\/skidskytte\/marketa-davidova-om-operationen-for-sitt-diskbrack\/\" rel=\"nofollow noopener\" target=\"_blank\">tidigare i \u00e5r<\/a> och att hon f\u00f6rs\u00f6ker k\u00e4mpa sig tillbaka.\u00a0<\/p>\n<p>Och Davidova har haft en brokig inledning p\u00e5 s\u00e4songen. En tredjeplats i stafett i premi\u00e4ren i \u00d6stersund har f\u00f6ljts av bland annat en 44.e-plats och en sjundeplats.<\/p>\n<p>Enligt tjeckiska <a href=\"https:\/\/isport.blesk.cz\/clanek\/blesk-sport\/469948\/biatlonistka-davidova-pri-presunu-do-francie-sokovala-ji-letuska.html\" rel=\"nofollow noopener\" target=\"_blank\">sajten Blesk<\/a> fick Davidova ov\u00e4ntat st\u00f6d p\u00e5 flygresan till Frankrike inf\u00f6r t\u00e4vlingarna i Annecy. I samband med en vattenbest\u00e4llning var en servett fastsatt p\u00e5 flaskan. Och p\u00e5 den stod det ett meddelande fr\u00e5n flygv\u00e4rdinnan.<\/p>\n<p>\u201dH\u00e5ller tummarna f\u00f6r Annecy! M\u00e5 du f\u00f6rvandla fem svarta m\u00e5ltavlor till vita!\u201d stod det p\u00e5 engelska.<\/p>\n<p><strong>L\u00c4S MER: <\/strong><a href=\"https:\/\/www.expressen.se\/sport\/skidskytte\/pengaregn-over-anna-magnusson-efter-succen-mycket\/\" class=\"\" rel=\"nofollow noopener\" target=\"_blank\">Pengaregn \u00f6ver Anna Magnusson efter succ\u00e9n: \u201dMycket\u201d<\/a><\/p>\n","protected":false},"excerpt":{"rendered":"Publicerad 21 dec 2025 kl 09.29 Marketa Davidova h\u00e5ller som b\u00e4st p\u00e5 att k\u00e4mpa sig tillbaka till toppen&hellip;\n","protected":false},"author":2,"featured_media":114426,"comment_status":"","ping_status":"","sticky":false,"template":"","format":"standard","meta":{"footnotes":""},"categories":[68],"tags":[34,945,111,110,31,33,32,30],"class_list":{"0":"post-114425","1":"post","2":"type-post","3":"status-publish","4":"format-standard","5":"has-post-thumbnail","7":"category-sport","8":"tag-se","9":"tag-sections-skidskytte","10":"tag-sport","11":"tag-sports","12":"tag-svenska","13":"tag-sverige","14":"tag-sweden","15":"tag-swedish"},"share_on_mastodon":{"url":"https:\/\/pubeurope.com\/@se\/115765806564464123","error":""},"_links":{"self":[{"href":"https:\/\/www.europesays.com\/se\/wp-json\/wp\/v2\/posts\/114425","targetHints":{"allow":["GET"]}}],"collection":[{"href":"https:\/\/www.europesays.com\/se\/wp-json\/wp\/v2\/posts"}],"about":[{"href":"https:\/\/www.europesays.com\/se\/wp-json\/wp\/v2\/types\/post"}],"author":[{"embeddable":true,"href":"https:\/\/www.europesays.com\/se\/wp-json\/wp\/v2\/users\/2"}],"replies":[{"embeddable":true,"href":"https:\/\/www.europesays.com\/se\/wp-json\/wp\/v2\/comments?post=114425"}],"version-history":[{"count":0,"href":"https:\/\/www.europesays.com\/se\/wp-json\/wp\/v2\/posts\/114425\/revisions"}],"wp:featuredmedia":[{"embeddable":true,"href":"https:\/\/www.europesays.com\/se\/wp-json\/wp\/v2\/media\/114426"}],"wp:attachment":[{"href":"https:\/\/www.europesays.com\/se\/wp-json\/wp\/v2\/media?parent=114425"}],"wp:term":[{"taxonomy":"category","embeddable":true,"href":"https:\/\/www.europesays.com\/se\/wp-json\/wp\/v2\/categories?post=114425"},{"taxonomy":"post_tag","embeddable":true,"href":"https:\/\/www.europesays.com\/se\/wp-json\/wp\/v2\/tags?post=114425"}],"curies":[{"name":"wp","href":"https:\/\/api.w.org\/{rel}","templated":true}]}}