{"id":114434,"date":"2025-12-22T23:55:42","date_gmt":"2025-12-22T23:55:42","guid":{"rendered":"https:\/\/www.europesays.com\/se\/114434\/"},"modified":"2025-12-22T23:55:42","modified_gmt":"2025-12-22T23:55:42","slug":"tre-ars-fangelse-for-18-aring-som-hade-sex-med-12-aring-kristianstadsbladet","status":"publish","type":"post","link":"https:\/\/www.europesays.com\/se\/114434\/","title":{"rendered":"Tre \u00e5rs f\u00e4ngelse f\u00f6r 18-\u00e5ring som hade sex med 12-\u00e5ring \u2013 Kristianstadsbladet"},"content":{"rendered":"<p>Den 18-\u00e5rige mannen visste om att flickan var 12 \u00e5r.<\/p>\n<p>Trots det valde han att ta med henne till ett skogsomr\u00e5de och d\u00e4r f\u00e5 flickan att tillfredsst\u00e4lla honom sexuellt. <\/p>\n<p>Nu d\u00f6ms mannen till tre \u00e5rs f\u00e4ngelse f\u00f6r v\u00e5ldt\u00e4kt mot barn. <\/p>\n<p>Han ska ocks\u00e5 betala 245 000 i skadest\u00e5nd till sitt offer. <\/p>\n<p>Det var i mitten av maj detta \u00e5r som den 18-\u00e5rige mannen k\u00f6rde sin elsparkcykel till aff\u00e4ren i en mindre ort i Kristianstads kommun. Han skulle k\u00f6pa cigaretter. <\/p>\n<p>Tekniskt fel<\/p>\n<p class=\"message__text txt-ui txt-ui-2\">V\u00e4nligen f\u00f6rs\u00f6k igen senare.<\/p>\n<p>Den h\u00e4r artikeln \u00e4r bara f\u00f6r prenumeranter<\/p>\n<p class=\"txt-body txt-body-1\">Om du redan \u00e4r prenumerant: logga in!<\/p>\n","protected":false},"excerpt":{"rendered":"Den 18-\u00e5rige mannen visste om att flickan var 12 \u00e5r. Trots det valde han att ta med henne&hellip;\n","protected":false},"author":2,"featured_media":114435,"comment_status":"","ping_status":"","sticky":false,"template":"","format":"standard","meta":{"footnotes":""},"categories":[12],"tags":[22,23,26,27,17,21,24,25,28,29,15,16,18,34,31,33,32,30,19,20],"class_list":{"0":"post-114434","1":"post","2":"type-post","3":"status-publish","4":"format-standard","5":"has-post-thumbnail","7":"category-sverige","8":"tag-breaking-news","9":"tag-breakingnews","10":"tag-featured-news","11":"tag-featurednews","12":"tag-headlines","13":"tag-huvudnyheter","14":"tag-latest-news","15":"tag-latestnews","16":"tag-main-news","17":"tag-mainnews","18":"tag-news","19":"tag-nyheter","20":"tag-rubriker","21":"tag-se","22":"tag-svenska","23":"tag-sverige","24":"tag-sweden","25":"tag-swedish","26":"tag-top-stories","27":"tag-topstories"},"share_on_mastodon":{"url":"https:\/\/pubeurope.com\/@se\/115765924762287311","error":""},"_links":{"self":[{"href":"https:\/\/www.europesays.com\/se\/wp-json\/wp\/v2\/posts\/114434","targetHints":{"allow":["GET"]}}],"collection":[{"href":"https:\/\/www.europesays.com\/se\/wp-json\/wp\/v2\/posts"}],"about":[{"href":"https:\/\/www.europesays.com\/se\/wp-json\/wp\/v2\/types\/post"}],"author":[{"embeddable":true,"href":"https:\/\/www.europesays.com\/se\/wp-json\/wp\/v2\/users\/2"}],"replies":[{"embeddable":true,"href":"https:\/\/www.europesays.com\/se\/wp-json\/wp\/v2\/comments?post=114434"}],"version-history":[{"count":0,"href":"https:\/\/www.europesays.com\/se\/wp-json\/wp\/v2\/posts\/114434\/revisions"}],"wp:featuredmedia":[{"embeddable":true,"href":"https:\/\/www.europesays.com\/se\/wp-json\/wp\/v2\/media\/114435"}],"wp:attachment":[{"href":"https:\/\/www.europesays.com\/se\/wp-json\/wp\/v2\/media?parent=114434"}],"wp:term":[{"taxonomy":"category","embeddable":true,"href":"https:\/\/www.europesays.com\/se\/wp-json\/wp\/v2\/categories?post=114434"},{"taxonomy":"post_tag","embeddable":true,"href":"https:\/\/www.europesays.com\/se\/wp-json\/wp\/v2\/tags?post=114434"}],"curies":[{"name":"wp","href":"https:\/\/api.w.org\/{rel}","templated":true}]}}