{"id":114452,"date":"2025-12-23T00:53:08","date_gmt":"2025-12-23T00:53:08","guid":{"rendered":"https:\/\/www.europesays.com\/se\/114452\/"},"modified":"2025-12-23T00:53:08","modified_gmt":"2025-12-23T00:53:08","slug":"kvinna-dod-efter-villabrand-pa-skargardso-i-norrtalje","status":"publish","type":"post","link":"https:\/\/www.europesays.com\/se\/114452\/","title":{"rendered":"Kvinna d\u00f6d efter villabrand p\u00e5 sk\u00e4rg\u00e5rds\u00f6 i Norrt\u00e4lje"},"content":{"rendered":"<p>Kvinnan h\u00e4mtades ut ur villan av r\u00f6kdykare. Polisen s\u00f6ker efter ytterligare en person, som eventuellt ska ha befunnit sig i bostaden.<\/p>\n<p>\u2013 Det g\u00e5r inte att g\u00e5 in i rasmassorna \u00e4n, sa polisens presstalesperson Mats Eriksson, vid 22-tiden p\u00e5 m\u00e5ndagskv\u00e4llen.<\/p>\n<p>Anh\u00f6riga har underr\u00e4ttats.<\/p>\n<p>Larmet om branden kom vid 17-tiden p\u00e5 m\u00e5ndagen. Polisen har inlett en f\u00f6runders\u00f6kning om mordbrand f\u00f6r att kunna utreda hur branden startats, och kommer att vara kvar och bevaka platsen \u00f6ver natten.<\/p>\n","protected":false},"excerpt":{"rendered":"Kvinnan h\u00e4mtades ut ur villan av r\u00f6kdykare. Polisen s\u00f6ker efter ytterligare en person, som eventuellt ska ha befunnit&hellip;\n","protected":false},"author":2,"featured_media":63854,"comment_status":"","ping_status":"","sticky":false,"template":"","format":"standard","meta":{"footnotes":""},"categories":[12],"tags":[22,23,26,27,17,21,24,25,28,29,15,16,18,34,31,33,32,30,19,20],"class_list":{"0":"post-114452","1":"post","2":"type-post","3":"status-publish","4":"format-standard","5":"has-post-thumbnail","7":"category-sverige","8":"tag-breaking-news","9":"tag-breakingnews","10":"tag-featured-news","11":"tag-featurednews","12":"tag-headlines","13":"tag-huvudnyheter","14":"tag-latest-news","15":"tag-latestnews","16":"tag-main-news","17":"tag-mainnews","18":"tag-news","19":"tag-nyheter","20":"tag-rubriker","21":"tag-se","22":"tag-svenska","23":"tag-sverige","24":"tag-sweden","25":"tag-swedish","26":"tag-top-stories","27":"tag-topstories"},"share_on_mastodon":{"url":"https:\/\/pubeurope.com\/@se\/115766152581634955","error":""},"_links":{"self":[{"href":"https:\/\/www.europesays.com\/se\/wp-json\/wp\/v2\/posts\/114452","targetHints":{"allow":["GET"]}}],"collection":[{"href":"https:\/\/www.europesays.com\/se\/wp-json\/wp\/v2\/posts"}],"about":[{"href":"https:\/\/www.europesays.com\/se\/wp-json\/wp\/v2\/types\/post"}],"author":[{"embeddable":true,"href":"https:\/\/www.europesays.com\/se\/wp-json\/wp\/v2\/users\/2"}],"replies":[{"embeddable":true,"href":"https:\/\/www.europesays.com\/se\/wp-json\/wp\/v2\/comments?post=114452"}],"version-history":[{"count":0,"href":"https:\/\/www.europesays.com\/se\/wp-json\/wp\/v2\/posts\/114452\/revisions"}],"wp:featuredmedia":[{"embeddable":true,"href":"https:\/\/www.europesays.com\/se\/wp-json\/wp\/v2\/media\/63854"}],"wp:attachment":[{"href":"https:\/\/www.europesays.com\/se\/wp-json\/wp\/v2\/media?parent=114452"}],"wp:term":[{"taxonomy":"category","embeddable":true,"href":"https:\/\/www.europesays.com\/se\/wp-json\/wp\/v2\/categories?post=114452"},{"taxonomy":"post_tag","embeddable":true,"href":"https:\/\/www.europesays.com\/se\/wp-json\/wp\/v2\/tags?post=114452"}],"curies":[{"name":"wp","href":"https:\/\/api.w.org\/{rel}","templated":true}]}}