{"id":114453,"date":"2025-12-23T00:57:16","date_gmt":"2025-12-23T00:57:16","guid":{"rendered":"https:\/\/www.europesays.com\/se\/114453\/"},"modified":"2025-12-23T00:57:16","modified_gmt":"2025-12-23T00:57:16","slug":"chris-rea-dod-gjorde-klassiskt-jullat","status":"publish","type":"post","link":"https:\/\/www.europesays.com\/se\/114453\/","title":{"rendered":"Chris Rea d\u00f6d \u2013 gjorde klassiskt jull\u00e5t"},"content":{"rendered":"<p>D\u00f6dsbeskedet kommer fr\u00e5n en talesperson f\u00f6r familjen, som s\u00e4ger att Rea gick bort p\u00e5 sjukhus efter en kort tids sjukdom, i kretsen av sin familj.Chris Rea f\u00f6ddes i Middlesbrough i Yorkshire och var k\u00e4nd f\u00f6r sitt bluesiga gitarrspel, djupa r\u00f6st och en rad hits, fr\u00e4mst fr\u00e5n 1980-talet.Bland hans st\u00f6rsta l\u00e5tar m\u00e4rks \u201dThe road to hell (part 2)\u201d, \u201dOn the beach\u201d, \u201dI can hea<\/p>\n","protected":false},"excerpt":{"rendered":"D\u00f6dsbeskedet kommer fr\u00e5n en talesperson f\u00f6r familjen, som s\u00e4ger att Rea gick bort p\u00e5 sjukhus efter en kort&hellip;\n","protected":false},"author":2,"featured_media":114454,"comment_status":"","ping_status":"","sticky":false,"template":"","format":"standard","meta":{"footnotes":""},"categories":[67],"tags":[104,34,31,33,32,30,105],"class_list":{"0":"post-114453","1":"post","2":"type-post","3":"status-publish","4":"format-standard","5":"has-post-thumbnail","7":"category-underhallning","8":"tag-entertainment","9":"tag-se","10":"tag-svenska","11":"tag-sverige","12":"tag-sweden","13":"tag-swedish","14":"tag-underhallning"},"share_on_mastodon":{"url":"https:\/\/pubeurope.com\/@se\/115766168324050828","error":""},"_links":{"self":[{"href":"https:\/\/www.europesays.com\/se\/wp-json\/wp\/v2\/posts\/114453","targetHints":{"allow":["GET"]}}],"collection":[{"href":"https:\/\/www.europesays.com\/se\/wp-json\/wp\/v2\/posts"}],"about":[{"href":"https:\/\/www.europesays.com\/se\/wp-json\/wp\/v2\/types\/post"}],"author":[{"embeddable":true,"href":"https:\/\/www.europesays.com\/se\/wp-json\/wp\/v2\/users\/2"}],"replies":[{"embeddable":true,"href":"https:\/\/www.europesays.com\/se\/wp-json\/wp\/v2\/comments?post=114453"}],"version-history":[{"count":0,"href":"https:\/\/www.europesays.com\/se\/wp-json\/wp\/v2\/posts\/114453\/revisions"}],"wp:featuredmedia":[{"embeddable":true,"href":"https:\/\/www.europesays.com\/se\/wp-json\/wp\/v2\/media\/114454"}],"wp:attachment":[{"href":"https:\/\/www.europesays.com\/se\/wp-json\/wp\/v2\/media?parent=114453"}],"wp:term":[{"taxonomy":"category","embeddable":true,"href":"https:\/\/www.europesays.com\/se\/wp-json\/wp\/v2\/categories?post=114453"},{"taxonomy":"post_tag","embeddable":true,"href":"https:\/\/www.europesays.com\/se\/wp-json\/wp\/v2\/tags?post=114453"}],"curies":[{"name":"wp","href":"https:\/\/api.w.org\/{rel}","templated":true}]}}