{"id":114457,"date":"2025-12-23T01:09:10","date_gmt":"2025-12-23T01:09:10","guid":{"rendered":"https:\/\/www.europesays.com\/se\/114457\/"},"modified":"2025-12-23T01:09:10","modified_gmt":"2025-12-23T01:09:10","slug":"insandare-utvisningar-av-arbetare-riktigt-klafingrig-politik","status":"publish","type":"post","link":"https:\/\/www.europesays.com\/se\/114457\/","title":{"rendered":"INS\u00c4NDARE: Utvisningar av arbetare: Riktigt kl\u00e5fingrig politik"},"content":{"rendered":"<p>Jag har en bekant i en Stockholmsf\u00f6rort, som dagligen tycker sig se hur sv\u00e5rt det \u00e4r med integrationen i storst\u00e4dernas f\u00f6rorter. Kanske segregeringen i storst\u00e4derna g\u00f6r att integrationen fungerar d\u00e5ligt.\u00a0<\/p>\n<p>I det l\u00e4get vinner SD enkla po\u00e4ng med sin falska l\u00f6sning att invandrare bara ska l\u00e4mna landet. Ju fler desto b\u00e4ttre. S\u00e5 fort som m\u00f6jligt. Det \u00e4r en politik som inte bara \u00e4r om\u00f6jlig utan ocks\u00e5 totalt inhuman. M\u00e5nga har bott v\u00e4ldigt l\u00e4nge i Sverige, har barn, familj, etablerats sig och skaffat jobb.<\/p>\n<p>Sj\u00e4lv bor jag i Bure\u00e5. \u00c4ven om det kan vara sv\u00e5rare med jobb h\u00e4r, talar mycket f\u00f6r att integrationen funkar b\u00e4ttre i mindre orter. Alla kommuner har dessutom ett stort behov av att dessa personer bor kvar och forts\u00e4tter jobba inom exempelvis omsorgen.<\/p>\n<p>Nuvarande politik g\u00f6r att m\u00e5nga av dessa m\u00e4nniskor som l\u00e4nge bott i Sverige m\u00e5ste l\u00e4mna jobb och bostadsort och utvisas. Att folk som gjort alla r\u00e4tt, lyckats etablera sig, och sk\u00f6ter sig, men \u00e4nd\u00e5 utvisas strider mot allt f\u00f6rnuft.\u00a0<\/p>\n<p>Regeringen har haft en \u00f6nskan att tj\u00e4nstem\u00e4n i kommunerna ska hj\u00e4lpa till med \u00e5tervandringen ut ur Sverige. En stor majoritet, 172 av alla Sveriges kommuner, har i dagsl\u00e4get meddelat att dom v\u00e4grar st\u00e4lla upp p\u00e5 denna politik.<\/p>\n<p>Men det r\u00e4cker inte med att politiker i kommuner och regioner skriver brev till regeringen och protesterar. Det skulle beh\u00f6vas en landsomfattande strejk f\u00f6r att s\u00e4tta kraft bakom orden!<\/p>\n","protected":false},"excerpt":{"rendered":"Jag har en bekant i en Stockholmsf\u00f6rort, som dagligen tycker sig se hur sv\u00e5rt det \u00e4r med integrationen&hellip;\n","protected":false},"author":2,"featured_media":114458,"comment_status":"","ping_status":"","sticky":false,"template":"","format":"standard","meta":{"footnotes":""},"categories":[12],"tags":[22,23,26,27,17,21,24,25,28,29,15,16,18,34,31,33,32,30,19,20],"class_list":{"0":"post-114457","1":"post","2":"type-post","3":"status-publish","4":"format-standard","5":"has-post-thumbnail","7":"category-sverige","8":"tag-breaking-news","9":"tag-breakingnews","10":"tag-featured-news","11":"tag-featurednews","12":"tag-headlines","13":"tag-huvudnyheter","14":"tag-latest-news","15":"tag-latestnews","16":"tag-main-news","17":"tag-mainnews","18":"tag-news","19":"tag-nyheter","20":"tag-rubriker","21":"tag-se","22":"tag-svenska","23":"tag-sverige","24":"tag-sweden","25":"tag-swedish","26":"tag-top-stories","27":"tag-topstories"},"share_on_mastodon":{"url":"https:\/\/pubeurope.com\/@se\/115766215528235370","error":""},"_links":{"self":[{"href":"https:\/\/www.europesays.com\/se\/wp-json\/wp\/v2\/posts\/114457","targetHints":{"allow":["GET"]}}],"collection":[{"href":"https:\/\/www.europesays.com\/se\/wp-json\/wp\/v2\/posts"}],"about":[{"href":"https:\/\/www.europesays.com\/se\/wp-json\/wp\/v2\/types\/post"}],"author":[{"embeddable":true,"href":"https:\/\/www.europesays.com\/se\/wp-json\/wp\/v2\/users\/2"}],"replies":[{"embeddable":true,"href":"https:\/\/www.europesays.com\/se\/wp-json\/wp\/v2\/comments?post=114457"}],"version-history":[{"count":0,"href":"https:\/\/www.europesays.com\/se\/wp-json\/wp\/v2\/posts\/114457\/revisions"}],"wp:featuredmedia":[{"embeddable":true,"href":"https:\/\/www.europesays.com\/se\/wp-json\/wp\/v2\/media\/114458"}],"wp:attachment":[{"href":"https:\/\/www.europesays.com\/se\/wp-json\/wp\/v2\/media?parent=114457"}],"wp:term":[{"taxonomy":"category","embeddable":true,"href":"https:\/\/www.europesays.com\/se\/wp-json\/wp\/v2\/categories?post=114457"},{"taxonomy":"post_tag","embeddable":true,"href":"https:\/\/www.europesays.com\/se\/wp-json\/wp\/v2\/tags?post=114457"}],"curies":[{"name":"wp","href":"https:\/\/api.w.org\/{rel}","templated":true}]}}