{"id":114461,"date":"2025-12-23T01:18:23","date_gmt":"2025-12-23T01:18:23","guid":{"rendered":"https:\/\/www.europesays.com\/se\/114461\/"},"modified":"2025-12-23T01:18:23","modified_gmt":"2025-12-23T01:18:23","slug":"utrikesbevakarna-fuf-se","status":"publish","type":"post","link":"https:\/\/www.europesays.com\/se\/114461\/","title":{"rendered":"Utrikesbevakarna &#8211; FUF.se"},"content":{"rendered":"<p>\t\t<img width=\"768\" height=\"432\" src=\"https:\/\/www.europesays.com\/se\/wp-content\/uploads\/2025\/12\/Hemsida-engagemang-Utrikesbevakarna-1-768x432.png\" class=\"attachment-medium_large size-medium_large wp-post-image\" alt=\"\" decoding=\"async\" fetchpriority=\"high\"  \/>\t<\/p>\n<p>\t\tUtrikesbevakarna<\/p>\n<p>Vill du vrida och v\u00e4nda p\u00e5 argument och st\u00e4lla siffror mot varandra f\u00f6r att f\u00f6rklara m\u00f6nstren i den globala utvecklingen samt synligg\u00f6ra, f\u00f6rklara och granska politiken? D\u00e5 \u00e4r utrikesbevakarna f\u00f6r dig. Ni g\u00f6r research, skriver texter och samarbetar med \u00f6vriga redaktionen f\u00f6r att sprida kunskap och analyser.<\/p>\n<p>2026 g\u00e5r Sverige till val. Demokrati bygger p\u00e5 att v\u00e4ljarna har tillr\u00e4ckligt med information f\u00f6r att kunna g\u00f6ra ett v\u00e4l avv\u00e4gt val mellan tillg\u00e4ngliga partier och kandidater. Kunskap helt enkelt grundl\u00e4ggande f\u00f6r en fungerande demokrati, men bist\u00e5nds- och utrikespolitiken kan l\u00e4tt bli sv\u00e5rnavigerad f\u00f6r gemene man.<\/p>\n<p>Som utrikesbevakare \u00e4r din uppgift att f\u00f6lja, granska och f\u00f6rklara politiska utspel och att att synligg\u00f6ra hur Sveriges utrikes- och bist\u00e5ndspolitik p\u00e5verkar f\u00f6ruts\u00e4ttningarna f\u00f6r en r\u00e4ttvis och h\u00e5llbar utveckling. Genom din insats ger du v\u00e4ljarna b\u00e4ttre m\u00f6jlighet att g\u00f6ra ett mer informerat val p\u00e5 valdagen och ger dem underlag f\u00f6r att st\u00e4lla n\u00e4sta regering till svars.<\/p>\n<p>Utrikesbevakarna \u00e4r en nystartad del av FUF:s ideella redaktion. Vi ser helst att du som engagerar dig som utrikesbevakare planerar att engagera dig b\u00e5de v\u00e5r- och h\u00f6sttermin s\u00e5 att du har m\u00f6jlighet att bevaka val\u00e5ret fr\u00e5n b\u00f6rjan till slut.<\/p>\n<p>Intresseanm\u00e4lan inf\u00f6r v\u00e5rterminen hittar du <a target=\"_blank\" href=\"https:\/\/forms.office.com\/e\/hDcnqCYp3k\" rel=\"noopener nofollow\">h\u00e4r<\/a>.<\/p>\n<p>OBS intresseanm\u00e4lan st\u00e4nger vid midnatt den 22 januari.\u00a0<\/p>\n","protected":false},"excerpt":{"rendered":"Utrikesbevakarna Vill du vrida och v\u00e4nda p\u00e5 argument och st\u00e4lla siffror mot varandra f\u00f6r att f\u00f6rklara m\u00f6nstren i&hellip;\n","protected":false},"author":2,"featured_media":114462,"comment_status":"","ping_status":"","sticky":false,"template":"","format":"standard","meta":{"footnotes":""},"categories":[12],"tags":[22,23,26,27,17,21,24,25,28,29,15,16,18,34,31,33,32,30,19,20],"class_list":{"0":"post-114461","1":"post","2":"type-post","3":"status-publish","4":"format-standard","5":"has-post-thumbnail","7":"category-sverige","8":"tag-breaking-news","9":"tag-breakingnews","10":"tag-featured-news","11":"tag-featurednews","12":"tag-headlines","13":"tag-huvudnyheter","14":"tag-latest-news","15":"tag-latestnews","16":"tag-main-news","17":"tag-mainnews","18":"tag-news","19":"tag-nyheter","20":"tag-rubriker","21":"tag-se","22":"tag-svenska","23":"tag-sverige","24":"tag-sweden","25":"tag-swedish","26":"tag-top-stories","27":"tag-topstories"},"share_on_mastodon":{"url":"https:\/\/pubeurope.com\/@se\/115766251171500419","error":""},"_links":{"self":[{"href":"https:\/\/www.europesays.com\/se\/wp-json\/wp\/v2\/posts\/114461","targetHints":{"allow":["GET"]}}],"collection":[{"href":"https:\/\/www.europesays.com\/se\/wp-json\/wp\/v2\/posts"}],"about":[{"href":"https:\/\/www.europesays.com\/se\/wp-json\/wp\/v2\/types\/post"}],"author":[{"embeddable":true,"href":"https:\/\/www.europesays.com\/se\/wp-json\/wp\/v2\/users\/2"}],"replies":[{"embeddable":true,"href":"https:\/\/www.europesays.com\/se\/wp-json\/wp\/v2\/comments?post=114461"}],"version-history":[{"count":0,"href":"https:\/\/www.europesays.com\/se\/wp-json\/wp\/v2\/posts\/114461\/revisions"}],"wp:featuredmedia":[{"embeddable":true,"href":"https:\/\/www.europesays.com\/se\/wp-json\/wp\/v2\/media\/114462"}],"wp:attachment":[{"href":"https:\/\/www.europesays.com\/se\/wp-json\/wp\/v2\/media?parent=114461"}],"wp:term":[{"taxonomy":"category","embeddable":true,"href":"https:\/\/www.europesays.com\/se\/wp-json\/wp\/v2\/categories?post=114461"},{"taxonomy":"post_tag","embeddable":true,"href":"https:\/\/www.europesays.com\/se\/wp-json\/wp\/v2\/tags?post=114461"}],"curies":[{"name":"wp","href":"https:\/\/api.w.org\/{rel}","templated":true}]}}