{"id":114467,"date":"2025-12-23T01:42:09","date_gmt":"2025-12-23T01:42:09","guid":{"rendered":"https:\/\/www.europesays.com\/se\/114467\/"},"modified":"2025-12-23T01:42:09","modified_gmt":"2025-12-23T01:42:09","slug":"hastagarprofilen-peter-kallbergs-gladjebesked-ar-fri-fran-cancer-kan-fira-jul-hemma","status":"publish","type":"post","link":"https:\/\/www.europesays.com\/se\/114467\/","title":{"rendered":"H\u00e4st\u00e4garprofilen Peter K\u00e4llbergs gl\u00e4djebesked \u2013 \u00e4r fri fr\u00e5n cancer: \u201dKan fira jul hemma\u201d"},"content":{"rendered":"<p>D\u00f6df\u00f6rklarades fyra g\u00e5nger \u2013 nu \u00e4r h\u00e4st\u00e4garen Peter K\u00e4llberg cancerfri: \u201dVarit tufft psykiskt\u201d<a data-test-tag=\"internal-link\" href=\"https:\/\/www.aftonbladet.se\/av\/andreas-ortengren\" class=\"hyperion-css-13ns1rr\" rel=\"nofollow noopener\" target=\"\" aria-label=\"Se alla artiklar av Andreas \u00d6rtengren\"><img decoding=\"async\" class=\"image-asset hyperion-css-n6kkq1\" data-test-tag=\"image-asset\" src=\"https:\/\/www.europesays.com\/se\/wp-content\/uploads\/2025\/12\/1766454129_921_bd28e84d-e0c7-4149-a49a-07505da353ed\"  alt=\"\"  loading=\"lazy\" fetchpriority=\"auto\" style=\"aspect-ratio:1900 \/ 1900\"\/><\/a><\/p>\n<p class=\"boxtextgrotesk-root_baa6 hyperion-css-1w346fg\">Publicerad 2025-12-22 08.44<\/p>\n<p>share-arrowDela<\/p>\n<p>unsaveSpara<\/p>\n<p>expand-left<\/p>\n<p>helsk\u00e4rm<img decoding=\"async\" class=\"image-asset hyperion-css-u06ts1\" data-test-tag=\"image-asset\" src=\"https:\/\/www.europesays.com\/se\/wp-content\/uploads\/2025\/12\/957a93a3-5b59-48e4-acd2-85875d8cc1dc\"  alt=\"Efter \u00f6ver sju \u00e5rs kamp, 13 operationer och flera d\u00f6dsbesked \u00e4r profilen Peter K\u00e4llberg cancerfri. \"  loading=\"eager\" fetchpriority=\"high\" style=\"aspect-ratio:1048 \/ 524\"\/>Efter \u00f6ver sju \u00e5rs kamp, 13 operationer och flera d\u00f6dsbesked \u00e4r profilen Peter K\u00e4llberg cancerfri. Foto: Privat<\/p>\n<p class=\"hyperion-css-1shl3oz\" data-test-tag=\"lead-text\">Travprofilen och h\u00e4st\u00e4garen Peter K\u00e4llberg har d\u00f6df\u00f6rklarats fyra g\u00e5nger och \u00f6verlevt 13 operationer. <\/p>\n<p class=\"hyperion-css-1shl3oz\" data-test-tag=\"lead-text\">Efter mer \u00e4n 365 dagar p\u00e5 sjukhus \u00e4r han nu cancerfri. <\/p>\n<p class=\"hyperion-css-1shl3oz\" data-test-tag=\"lead-text\">\u2013 Nu kan jag fira jul hemma, s\u00e4ger han till Trav365. <\/p>\n<p class=\"hyperion-css-1v9qo5x\">2019 f\u00f6r\u00e4ndrades livet f\u00f6r Peter \u201dK\u00e4bba\u201d K\u00e4llberg d\u00e5 han drabbades av cancer. <\/p>\n<p class=\"hyperion-css-1v9qo5x\">Den 60-\u00e5rige travprofilen har sedan dess f\u00f6rt en h\u00e5rd kamp mot sjukdomen. <\/p>\n<p class=\"hyperion-css-1v9qo5x\">Han har \u00f6verlevt 13 operationer, haft flera hj\u00e4rtstopp, tillbringat mer \u00e4n ett \u00e5r p\u00e5 sjukhus och blivit d\u00f6df\u00f6rklarad fyra g\u00e5nger. <\/p>\n<p class=\"hyperion-css-1v9qo5x\">\u2013 Jag kommer inte str\u00e5las mer, det f\u00f6rst\u00f6rs s\u00e5 m\u00e5nga organ och detsamma g\u00e4ller cellgifterna. L\u00e4karna s\u00e4ger att de heller inte kan operera mig mer, mitt hj\u00e4rta klarar inte mer. Mina dagar \u00e4r r\u00e4knade, sa han i en tidigare intervju <a data-test-tag=\"internal-link\" href=\"https:\/\/www.aftonbladet.se\/sportbladet\/trav365\/a\/gE6q25\/cancersjuke-hastagaren-peter-kallberg-om-brother-bills-betydelse\" class=\"hyperion-css-15jkft9\" rel=\"nofollow noopener\" target=\"\" aria-label=\"med Trav365\" theme=\"sportbladet\">med Trav365<\/a>. <\/p>\n<p>\u201dM\u00e5tt skitd\u00e5ligt\u201d<\/p>\n<p class=\"hyperion-css-1v9qo5x\">Peter har k\u00e4mpat, brutit ihop, och k\u00e4mpat vidare, dag f\u00f6r dag, m\u00e5nad f\u00f6r m\u00e5nad och \u00e5r efter \u00e5r. <\/p>\n<p class=\"hyperion-css-1v9qo5x\">En enorm p\u00e5frestning f\u00f6r b\u00e5de honom sj\u00e4lv men ocks\u00e5 f\u00f6r den h\u00e5rt pr\u00f6vade familjen som levt i ovisshet. Ska han d\u00f6 eller kommer han att f\u00e5 leva vidare?<\/p>\n<p class=\"hyperion-css-1v9qo5x\">\u2013 Det har varit tufft psykiskt och familjen har m\u00e5tt skitd\u00e5ligt, ber\u00e4ttar K\u00e4llberg. <\/p>\n<p class=\"hyperion-css-1v9qo5x\">Men i december, med bara n\u00e5gra veckor kvar till jul, s\u00e5 kom gl\u00e4djebeskedet att han \u00e4ntligen \u00e4r cancerfri, n\u00e5got som han sj\u00e4lv ber\u00e4ttat om p\u00e5 Facebook. <\/p>\n<p class=\"hyperion-css-1v9qo5x\">\u2013 Jag fick den b\u00e4sta julklappen man kan f\u00e5. L\u00e4karna ringde och ber\u00e4ttade att de inte ser n\u00e5gra tum\u00f6rer eller metastaser. Nu kan jag fira jul hemma f\u00f6r f\u00f6rsta g\u00e5ngen p\u00e5 l\u00e4nge, s\u00e4ger Peter till Trav365. <\/p>\n<p class=\"hyperion-css-1v9qo5x\">Att v\u00e4nta p\u00e5 testresultat \u00e4r tufft. Nu hoppas Peter K\u00e4llberg att det \u00e4ntligen ska vara \u00f6ver. <\/p>\n<p class=\"hyperion-css-1v9qo5x\">\u2013 Har man levt s\u00e5 tufft som jag har gjort de sista sju \u00e5ren, att det aldrig tar slut, s\u00e5 l\u00e4r man sig hantera det. Men det \u00e4r lika jobbigt varje g\u00e5ng inf\u00f6r n\u00e4r testresultat ska visas. Hur ser det ut?<\/p>\n<p>expand-left<\/p>\n<p>helsk\u00e4rm<img decoding=\"async\" class=\"image-asset hyperion-css-u06ts1\" data-test-tag=\"image-asset\" src=\"https:\/\/www.europesays.com\/se\/wp-content\/uploads\/2025\/12\/de0bb0fe-0014-43ce-a24f-5a2fa80935fe\"  alt=\"Peter K\u00e4llberg p\u00e5 sjukhuset. Nu blickar han fram\u00e5t som friskf\u00f6rklarad fr\u00e5n cancern. \"  loading=\"eager\" fetchpriority=\"high\" style=\"aspect-ratio:830 \/ 535\"\/>Peter K\u00e4llberg p\u00e5 sjukhuset. Nu blickar han fram\u00e5t som friskf\u00f6rklarad fr\u00e5n cancern. Foto: Privat\u201dVinnande ur kampen\u201d<\/p>\n<p class=\"hyperion-css-1v9qo5x\">Han forts\u00e4tter:<\/p>\n<p class=\"hyperion-css-1v9qo5x\">\u2013 Men nu tror jag verkligen p\u00e5 det. Att det tar slut. Att jag kommer g\u00e5 vinnande ur den h\u00e4r kampen. <\/p>\n<p class=\"hyperion-css-1v9qo5x\"><strong>Hur m\u00e5r du?<\/strong><\/p>\n<p class=\"hyperion-css-1v9qo5x\">\u2013 Jag var inst\u00e4lld p\u00e5 att jag ska v\u00e4l in igen. F\u00f6r en g\u00e5ngs skull k\u00e4nns det som att det trappas av, de har s\u00e5n koll p\u00e5 mig med alla unders\u00f6kningar.<\/p>\n<p class=\"hyperion-css-1v9qo5x\">\u2013 Att kunna fira jul hemma. Mamma sitter i rullstol, vi tar hem henne. Nu ska vi ha jul hemma hos oss. Vi har inte kunnat haft det hemma hos mig och min fru Lotta. <\/p>\n<p>expand-left<\/p>\n<p>helsk\u00e4rm<img decoding=\"async\" class=\"image-asset hyperion-css-u06ts1\" data-test-tag=\"image-asset\" src=\"https:\/\/www.europesays.com\/se\/wp-content\/uploads\/2025\/12\/b3b504fe-f8e0-423e-a836-96de27a8dab7\"  alt=\"Peter K\u00e4llberg har ber\u00e4ttat \u00f6ppet om sin tuffa kamp mot cancern och f\u00e5tt ett stort st\u00f6d. \"  loading=\"eager\" fetchpriority=\"high\" style=\"aspect-ratio:1200 \/ 753\"\/>Peter K\u00e4llberg har ber\u00e4ttat \u00f6ppet om sin tuffa kamp mot cancern och f\u00e5tt ett stort st\u00f6d. Foto: Privat\u201dTravet \u2013 s\u00e5 mycket gl\u00e4dje\u201d<\/p>\n<p class=\"hyperion-css-1v9qo5x\">Peter arbetar som specialist p\u00e5 SEB. <\/p>\n<p class=\"hyperion-css-1v9qo5x\">Han brinner ocks\u00e5 f\u00f6r travsporten, ett intresse som hj\u00e4lpt honom genom cancerkampen, i synnerhet n\u00e4r stj\u00e4rnh\u00e4sten Brother Bill t\u00e4vlade. <\/p>\n<p class=\"hyperion-css-1v9qo5x\">\u2013 Under min sjukdom har travet gett mig s\u00e5 mycket gl\u00e4dje. Jag tycker om att bes\u00f6ka Solvalla fast det \u00e4r lite folk. Jag gillar det gamla att man m\u00f6ts p\u00e5 travet, inte sitter hemma bakom en sk\u00e4rm. Att \u00e4ga h\u00e4st \u00e4r sp\u00e4nning och gemenskap och roligt att \u00e5ka och titta, s\u00e4ger han och ber\u00e4ttar vidare:<\/p>\n<p class=\"hyperion-css-1v9qo5x\">\u2013 Jag har mycket id\u00e9er. Man kanske skulle ha Solvalla som k\u00f6r fyra g\u00e5nger i veckan vintertid. Som en vintermeeting.<\/p>\n<p class=\"hyperion-css-1v9qo5x\"><strong>Du \u00e4r intresserad av liret ocks\u00e5. <\/strong><\/p>\n<p class=\"hyperion-css-1v9qo5x\">\u2013 Vi har ett uppsnack med start klockan 10, live p\u00e5 l\u00f6rdagar, inf\u00f6r V85 p\u00e5 \u201dAndelsbaren\u201d. Det \u00e4r Anders Nilsson, programledare p\u00e5 Kanal 75 som \u00e4r med, vi har olika g\u00e4ster och olika reportage. Det har blivit j\u00e4ttestort, avslutar K\u00e4llberg. <\/p>\n<p>expand-left<\/p>\n<p>helsk\u00e4rm<img decoding=\"async\" class=\"image-asset hyperion-css-u06ts1\" data-test-tag=\"image-asset\" src=\"https:\/\/www.europesays.com\/se\/wp-content\/uploads\/2025\/12\/f806e652-466e-4042-8552-501d604375dd\"  alt=\"H\u00e4st\u00e4garen Peter K\u00e4llberg fann styrka genom stj\u00e4rnh\u00e4sten Brother Bill. \"  loading=\"eager\" fetchpriority=\"high\" style=\"aspect-ratio:1040 \/ 520\"\/>H\u00e4st\u00e4garen Peter K\u00e4llberg fann styrka genom stj\u00e4rnh\u00e4sten Brother Bill. Foto: Privat, Malin Albinsson \/ Tr Bild<\/p>\n","protected":false},"excerpt":{"rendered":"D\u00f6df\u00f6rklarades fyra g\u00e5nger \u2013 nu \u00e4r h\u00e4st\u00e4garen Peter K\u00e4llberg cancerfri: \u201dVarit tufft psykiskt\u201d Publicerad 2025-12-22 08.44 share-arrowDela unsaveSpara&hellip;\n","protected":false},"author":2,"featured_media":114468,"comment_status":"","ping_status":"","sticky":false,"template":"","format":"standard","meta":{"footnotes":""},"categories":[12],"tags":[22,23,26,27,17,21,24,25,28,29,15,16,18,34,31,33,32,30,19,20],"class_list":{"0":"post-114467","1":"post","2":"type-post","3":"status-publish","4":"format-standard","5":"has-post-thumbnail","7":"category-sverige","8":"tag-breaking-news","9":"tag-breakingnews","10":"tag-featured-news","11":"tag-featurednews","12":"tag-headlines","13":"tag-huvudnyheter","14":"tag-latest-news","15":"tag-latestnews","16":"tag-main-news","17":"tag-mainnews","18":"tag-news","19":"tag-nyheter","20":"tag-rubriker","21":"tag-se","22":"tag-svenska","23":"tag-sverige","24":"tag-sweden","25":"tag-swedish","26":"tag-top-stories","27":"tag-topstories"},"share_on_mastodon":{"url":"https:\/\/pubeurope.com\/@se\/115766345455054575","error":""},"_links":{"self":[{"href":"https:\/\/www.europesays.com\/se\/wp-json\/wp\/v2\/posts\/114467","targetHints":{"allow":["GET"]}}],"collection":[{"href":"https:\/\/www.europesays.com\/se\/wp-json\/wp\/v2\/posts"}],"about":[{"href":"https:\/\/www.europesays.com\/se\/wp-json\/wp\/v2\/types\/post"}],"author":[{"embeddable":true,"href":"https:\/\/www.europesays.com\/se\/wp-json\/wp\/v2\/users\/2"}],"replies":[{"embeddable":true,"href":"https:\/\/www.europesays.com\/se\/wp-json\/wp\/v2\/comments?post=114467"}],"version-history":[{"count":0,"href":"https:\/\/www.europesays.com\/se\/wp-json\/wp\/v2\/posts\/114467\/revisions"}],"wp:featuredmedia":[{"embeddable":true,"href":"https:\/\/www.europesays.com\/se\/wp-json\/wp\/v2\/media\/114468"}],"wp:attachment":[{"href":"https:\/\/www.europesays.com\/se\/wp-json\/wp\/v2\/media?parent=114467"}],"wp:term":[{"taxonomy":"category","embeddable":true,"href":"https:\/\/www.europesays.com\/se\/wp-json\/wp\/v2\/categories?post=114467"},{"taxonomy":"post_tag","embeddable":true,"href":"https:\/\/www.europesays.com\/se\/wp-json\/wp\/v2\/tags?post=114467"}],"curies":[{"name":"wp","href":"https:\/\/api.w.org\/{rel}","templated":true}]}}