{"id":114471,"date":"2025-12-23T01:50:30","date_gmt":"2025-12-23T01:50:30","guid":{"rendered":"https:\/\/www.europesays.com\/se\/114471\/"},"modified":"2025-12-23T01:50:30","modified_gmt":"2025-12-23T01:50:30","slug":"karlek-ar-enhet-i-praktik","status":"publish","type":"post","link":"https:\/\/www.europesays.com\/se\/114471\/","title":{"rendered":"K\u00e4rlek \u00e4r enhet i praktik"},"content":{"rendered":"<p class=\"kicker \" style=\"\">Debatt<\/p>\n<p>    Den ekumeniska aspekten g\u00e5r f\u00f6rlorad i diskussionen om\u00a0kyrkom\u00f6tets st\u00e4llningstagande om traditionell \u00e4ktenskapssyn.<\/p>\n<p>\n        Nathan S\u00f6derblom.<br \/>\n        Pressens Bild\/TT\n    <\/p>\n<p>Vi \u00e4r fler som anser att det finns en ytterligare aspekt av kyrkom\u00f6tets\u00a0st\u00e4llningstagande som g\u00e5r f\u00f6rlorad i diskussionen om huruvida pr\u00e4stkandidater med\u00a0en traditionell \u00e4ktenskapssyn ska, eller inte ska bli pr\u00e4ster i Svenska kyrkan, och det\u00a0\u00e4r den ekumeniska aspekten.<\/p>\n<p>Detta \u00e4r v\u00e4ldigt anm\u00e4rkningsv\u00e4rt eftersom Svenska kyrkan g\u00e4rna lyfter fram sitt\u00a0ekumeniska arv i olika sammanhang. Vi h\u00e4nvisar stolt till v\u00e5r tidigare \u00e4rkebiskop\u00a0Nathan S\u00f6derblom, till Stockholmsm\u00f6tet 1925 som bidrog till grundandet av\u00a0Kyrkornas v\u00e4rldsr\u00e5d och till Svenska kyrkans roll f\u00f6r den moderna ekumenikens\u00a0genombrott. 2025 kallades f\u00f6r det ekumeniska \u00e5ret. Vi firade 1700 \u00e5r av det f\u00f6rsta\u00a0ekumeniska konciliet i Nicaea och vi uppm\u00e4rksammade 100 \u00e5r sedan\u00a0Stockholmsm\u00f6tet \u00e4gde rum.<\/p>\n<p>\u00c4r firandet av dessa h\u00e4ndelser bara tomma handlingar? Is\u00e5fall kan kyrkom\u00f6tet\u00a0forts\u00e4tta med mentaliteten \u201dit&#8217;s just me, myself and I. Solo ride until I die.\u201d Men vi\u00a0menar att Svenska kyrkans ekumeniska arv ist\u00e4llet f\u00f6rpliktigar kyrkom\u00f6tet och\u00a0Svenska kyrkan till att b\u00f6rja f\u00f6rh\u00e5lla sig mer till hur andra systerkyrkor f\u00f6rst\u00e5r den h\u00e4r\u00a0fr\u00e5gan.<\/p>\n<p>Ekumenik handlar inte bara om artiga samtal och h\u00f6gtidliga tal. Ekumenik handlar\u00a0om att faktiskt vilja r\u00f6ra sig mot samma m\u00e5l och n\u00e4rma sig varandra. D\u00e4rf\u00f6r b\u00f6r inte\u00a0kyrkom\u00f6tet dra \u00e5t tumskruvarna \u00e4nnu mer och r\u00f6ra sig \u00e4nnu l\u00e4ngre ut i kristenhetens\u00a0periferi. Det \u00e4r ingen \u00f6nskv\u00e4rd r\u00f6relse f\u00f6r Svenska kyrkan som har en uttalad\u00a0ambition av att f\u00f6ra dialog med hela den v\u00e4rldsvida Kyrkan.<\/p>\n<p>Sedan 2009 har Svenska kyrkan valt att h\u00e4rb\u00e4rgera tv\u00e5 \u00e4ktenskapssyner. Denna\u00a0l\u00f6sning har fungerat bra utan n\u00e5gra problem i praktiken. Enligt statistik fr\u00e5n Svenska\u00a0kyrka 2023 genomf\u00f6rdes knappt 11 500 vigslar d\u00e4r ungef\u00e4r 120 var samk\u00f6nade par.<\/p>\n<p>Vi f\u00f6rst\u00e5r inte varf\u00f6r det \u00e4r s\u00e5 br\u00e5ttom f\u00f6r kyrkom\u00f6tet att g\u00f6ra det sv\u00e5rare f\u00f6r\u00a0pr\u00e4stkandidater som vill verka i Svenska kyrkan med en traditionell \u00e4ktenskapssyn?<\/p>\n<p>S\u00e4rskilt som effekten resultatet blir \u00e4nnu st\u00f6rre ekumeniska sp\u00e4nningar.\u00a0Svenska kyrkan har sedan 2009 \u00e5tagit sig att rymma (och inte ers\u00e4tta) flera olika\u00a0teologiska \u00f6vertygelser. D\u00e4rf\u00f6r blir fr\u00e5gan om framtida tj\u00e4nst s\u00e4rskilt k\u00e4nslig n\u00e4r\u00a0kyrkan p\u00e5 ett principiellt plan s\u00e4ger sig omfatta teologisk m\u00e5ngfald, men i praktiken\u00a0endast uppmuntrar en viss teologisk h\u00e5llning. Detta s\u00e4nder dubbla signaler, vilket\u00a0riskerar att undergr\u00e4va f\u00f6rtroendet f\u00f6r kyrkans p\u00e5st\u00e5dda teologiska m\u00e5ngfald \u2013 inte\u00a0bara internt, till pr\u00e4ster, teologer och blivande medarbetare, utan \u00e4ven externt i\u00a0ekumeniska sammanhang, d\u00e4r detta v\u00e4cker fr\u00e5gor om huruvida talet om teologisk\u00a0bredd faktiskt \u00e4r substantiellt eller snarare retoriskt.<\/p>\n<p>Vi vill ocks\u00e5 g\u00f6ra en problematisering av hur begreppet \u201drespekt\u201d anv\u00e4nds i debatten.\u00a0Respekt \u00e4r inte n\u00e5got ensidigt. Om kyrkan ska fodra respekt f\u00f6r en uppfattning av\u00a0\u00e4ktenskapet s\u00e5 m\u00e5ste hon ocks\u00e5 visa respekt f\u00f6r den som av teologiska eller\u00a0ekumeniska sk\u00e4l inte delar samma syns\u00e4tt. Vi finner det d\u00e4rf\u00f6r orov\u00e4ckande och\u00a0nonchalant att flera pr\u00e4ster i Svenska kyrkan b\u00e5de i kommentarsf\u00e4lten och i replik,\u00a0ber pr\u00e4ster och pr\u00e4stkandidater med en annan \u00e4ktenskapssyn att l\u00e4mna eller s\u00f6ka\u00a0sig till ett annat samfund p\u00e5 grund av att vi t\u00e4nker olika. Att avf\u00e4rda dessa personer\u00a0som obildade eller moraliskt bristf\u00e4lliga \u00e4r inte n\u00e5got uttryck f\u00f6r enhet, inkludering och\u00a0respekt, utan tv\u00e4rtom f\u00f6r exkludering och respektl\u00f6shet.<\/p>\n<p>\u00c4rkebiskop Nathan S\u00f6derbloms ekumeniska vision byggde inte p\u00e5 att olikheterna\u00a0skulle suddas ut, utan p\u00e5 att kyrkorna skulle m\u00f6tas i \u00e4rlighet, medvetna om sina\u00a0\u00f6vertygelser och sina olikheter. Det ekumeniska projektet f\u00f6ruts\u00e4tter att man inte\u00a0tvingar fram \u201denhet\u201d genom snabba beslut, utan att vi b\u00e4r och respekterar varandras\u00a0skillnader.<\/p>\n<p>D\u00e4rf\u00f6r menar vi att samtalet i Svenska kyrkan om \u00e4ktenskapet inte bara \u00e4r en intern\u00a0ordningsfr\u00e5ga. Den \u00e4r samtidigt ett lackmustest p\u00e5 med vilket allvar vi f\u00f6rvaltar v\u00e5rt\u00a0ekumeniska arv. Om Svenska kyrkan vill vara en kyrka som kan tala med\u00a0trov\u00e4rdighet om kyrklig enhet och \u00f6msesidig respekt m\u00e5ste dessa v\u00e4rden ocks\u00e5 g\u00e4lla\u00a0fr\u00e5gor d\u00e4r det skaver.<\/p>\n<p>Ekumenik kr\u00e4ver mod, men framf\u00f6r allt \u00f6msesidig respekt. Inte bara f\u00f6r m\u00e4nniskor i\u00a0sig, utan ocks\u00e5 f\u00f6r deras teologiska uppfattning. Hur ska Svenska kyrkan kunna vara\u00a0n\u00e5got ekumeniskt f\u00f6red\u00f6me om man g\u00f6r det s\u00e5 tydligt att olikt\u00e4nkande inte \u00e4r\u00a0v\u00e4lkomna i v\u00e5r kyrka?<\/p>\n<p>Daniel R. Ardabili-Farshi, pr\u00e4stkandidat<\/p>\n<p>Lucas Sv\u00e4rd, pr\u00e4stkandidat<\/p>\n<p>Lovisa Hurtig, diakonaspirant<\/p>\n","protected":false},"excerpt":{"rendered":"Debatt Den ekumeniska aspekten g\u00e5r f\u00f6rlorad i diskussionen om\u00a0kyrkom\u00f6tets st\u00e4llningstagande om traditionell \u00e4ktenskapssyn. Nathan S\u00f6derblom. Pressens Bild\/TT Vi&hellip;\n","protected":false},"author":2,"featured_media":114472,"comment_status":"","ping_status":"","sticky":false,"template":"","format":"standard","meta":{"footnotes":""},"categories":[12],"tags":[22,23,26,27,17,21,24,25,28,29,15,16,18,34,31,33,32,30,19,20],"class_list":{"0":"post-114471","1":"post","2":"type-post","3":"status-publish","4":"format-standard","5":"has-post-thumbnail","7":"category-sverige","8":"tag-breaking-news","9":"tag-breakingnews","10":"tag-featured-news","11":"tag-featurednews","12":"tag-headlines","13":"tag-huvudnyheter","14":"tag-latest-news","15":"tag-latestnews","16":"tag-main-news","17":"tag-mainnews","18":"tag-news","19":"tag-nyheter","20":"tag-rubriker","21":"tag-se","22":"tag-svenska","23":"tag-sverige","24":"tag-sweden","25":"tag-swedish","26":"tag-top-stories","27":"tag-topstories"},"share_on_mastodon":{"url":"https:\/\/pubeurope.com\/@se\/115766376774297875","error":""},"_links":{"self":[{"href":"https:\/\/www.europesays.com\/se\/wp-json\/wp\/v2\/posts\/114471","targetHints":{"allow":["GET"]}}],"collection":[{"href":"https:\/\/www.europesays.com\/se\/wp-json\/wp\/v2\/posts"}],"about":[{"href":"https:\/\/www.europesays.com\/se\/wp-json\/wp\/v2\/types\/post"}],"author":[{"embeddable":true,"href":"https:\/\/www.europesays.com\/se\/wp-json\/wp\/v2\/users\/2"}],"replies":[{"embeddable":true,"href":"https:\/\/www.europesays.com\/se\/wp-json\/wp\/v2\/comments?post=114471"}],"version-history":[{"count":0,"href":"https:\/\/www.europesays.com\/se\/wp-json\/wp\/v2\/posts\/114471\/revisions"}],"wp:featuredmedia":[{"embeddable":true,"href":"https:\/\/www.europesays.com\/se\/wp-json\/wp\/v2\/media\/114472"}],"wp:attachment":[{"href":"https:\/\/www.europesays.com\/se\/wp-json\/wp\/v2\/media?parent=114471"}],"wp:term":[{"taxonomy":"category","embeddable":true,"href":"https:\/\/www.europesays.com\/se\/wp-json\/wp\/v2\/categories?post=114471"},{"taxonomy":"post_tag","embeddable":true,"href":"https:\/\/www.europesays.com\/se\/wp-json\/wp\/v2\/tags?post=114471"}],"curies":[{"name":"wp","href":"https:\/\/api.w.org\/{rel}","templated":true}]}}