{"id":114484,"date":"2025-12-23T02:48:36","date_gmt":"2025-12-23T02:48:36","guid":{"rendered":"https:\/\/www.europesays.com\/se\/114484\/"},"modified":"2025-12-23T02:48:36","modified_gmt":"2025-12-23T02:48:36","slug":"okad-narvaro-for-att-hindra-att-barn-fors-bort","status":"publish","type":"post","link":"https:\/\/www.europesays.com\/se\/114484\/","title":{"rendered":"\u00d6kad n\u00e4rvaro f\u00f6r att hindra att barn f\u00f6rs bort"},"content":{"rendered":"<p class=\"preamble\">&#13;<br \/>\n            I samband med jullovet \u00e4r polisen p\u00e5 plats vid flygplatser och t\u00e5gstationer f\u00f6r att f\u00f6rhindra att barn f\u00f6rs ut ur landet mot sin vilja och uts\u00e4tts f\u00f6r hedersrelaterade brott i andra l\u00e4nder.&#13;\n        <\/p>\n<p>Risken f\u00f6r att barn f\u00f6rs bort \u00e4r som st\u00f6rst n\u00e4r skolloven b\u00f6rjar.<\/p>\n<p>\u2013 N\u00e4r ett barn v\u00e4l befinner sig i ett annat land \u00e4r det mycket sv\u00e5rare f\u00f6r svenska myndigheter att kunna agera, d\u00e4rf\u00f6r \u00e4r det oerh\u00f6rt viktigt att vi ingriper innan barnen l\u00e4mnar landet, s\u00e4ger \u00c5sa Wallinder, verksamhetsutvecklare vid Noa.<\/p>\n<p>\u00d6kad n\u00e4rvaro p\u00e5 flygplatser och t\u00e5g<\/p>\n<p>Under veckan har polisen \u00f6kad n\u00e4rvaro vid platser som ofta \u00e4r den sista anhalten innan ett barn f\u00f6rs utomlands: Arlanda flygplats, Landvetter flygplats och i \u00e5r ocks\u00e5 p\u00e5 Malm\u00f6 Centralstation och Hyllie Centralstation.<\/p>\n<p>\u00a0\u2013 Vi ser att en del barn som f\u00f6rs utomlands eller kvarh\u00e5lls utomlands mot sin vilja l\u00e4mnar Sverige p\u00e5 annat s\u00e4tt \u00e4n vi flyg. Vi vill hj\u00e4lpa s\u00e5 m\u00e5nga barn som m\u00f6jligt, oavsett var eller hur man l\u00e4mnar Sverige, s\u00e4ger \u00c5sa Wallinder.<\/p>\n<p>Polisen genomf\u00f6r samtal med reses\u00e4llskap p\u00e5 v\u00e4g utomlands. F\u00f6rdjupade kontroller sker n\u00e4r det finns misstanke om att barnet blir utsatt eller kan bli utsatt f\u00f6r brott. Kontrollerna utg\u00e5r fr\u00e5n kunskap om resm\u00e5l och underr\u00e4ttelseinformation.<\/p>\n<p>\u2013 Under veckan har vi talat med ungef\u00e4r 200 barn och deras reses\u00e4llskap. De allra flesta som vi pratar med uppskattar att polisen satsar p\u00e5 att skydda barn, s\u00e4ger \u00c5sa Wallinder.<\/p>\n<p>Utresef\u00f6rbud<\/p>\n<p>En socialn\u00e4mnd kan beg\u00e4ra att f\u00f6rvaltningsdomstolen fattar beslut om att ge ett barn utresef\u00f6rbud. Det kan g\u00f6ras om socialn\u00e4mnden bed\u00f6mer att det finns en p\u00e5taglig risk f\u00f6r att ett barn f\u00f6rs utomlands och att barnets h\u00e4lsa och utveckling kan skadas under utlandsvistelsen.<\/p>\n<p>\u2013 D\u00e4rf\u00f6r \u00e4r det v\u00e4ldigt ovanligt att f\u00f6rs\u00f6ka f\u00f6ra ut barn med utresef\u00f6rbud. Det \u00e4r de som \u00e4nnu inte f\u00e5tt ett f\u00f6rbud, men som ligger i riskzonen som vi vill hitta, s\u00e4ger \u00c5sa Wallinder.<\/p>\n<p>M\u00e5nga av de brott som barn uts\u00e4tts f\u00f6r \u00e4r redan p\u00e5b\u00f6rjade i Sverige, innan utresan genomf\u00f6rs. Till exempel planer p\u00e5 att barnet ska gifta sig. I vissa fall r\u00f6r det sig om f\u00f6rberedelse till det fullbordade brottet och i vissa fall kan det r\u00f6ra sig om f\u00f6rs\u00f6k till det fullbordade brottet.<\/p>\n<p><a href=\"https:\/\/polisen.se\/utsatt-for-brott\/polisanmalan\/hat-hot-och-vald\/hedersrelaterade-brott\/\" target=\"_blank\" rel=\"noopener nofollow\">L\u00e4s mer om hedersrelaterade brott<\/a><\/p>\n<p>&#13;<br \/>\n                    <strong>&#13;<br \/>\n                        Publicerad&#13;<br \/>\n                    <\/strong>&#13;<br \/>\n                    &#13;<br \/>\n                        22 december 2025 10.02&#13;<br \/>\n                    &#13;<br \/>\n                    <br \/>&#13;\n            <\/p>\n<p>        &#13;<br \/>\n    &#13;<br \/>\n    &#13;<\/p>\n","protected":false},"excerpt":{"rendered":"&#13; I samband med jullovet \u00e4r polisen p\u00e5 plats vid flygplatser och t\u00e5gstationer f\u00f6r att f\u00f6rhindra att barn&hellip;\n","protected":false},"author":2,"featured_media":54,"comment_status":"","ping_status":"","sticky":false,"template":"","format":"standard","meta":{"footnotes":""},"categories":[5],"tags":[22,23,26,27,17,21,24,25,28,29,15,16,18,34,31,33,32,30,19,20],"class_list":{"0":"post-114484","1":"post","2":"type-post","3":"status-publish","4":"format-standard","5":"has-post-thumbnail","7":"category-rubriker","8":"tag-breaking-news","9":"tag-breakingnews","10":"tag-featured-news","11":"tag-featurednews","12":"tag-headlines","13":"tag-huvudnyheter","14":"tag-latest-news","15":"tag-latestnews","16":"tag-main-news","17":"tag-mainnews","18":"tag-news","19":"tag-nyheter","20":"tag-rubriker","21":"tag-se","22":"tag-svenska","23":"tag-sverige","24":"tag-sweden","25":"tag-swedish","26":"tag-top-stories","27":"tag-topstories"},"share_on_mastodon":{"url":"https:\/\/pubeurope.com\/@se\/115766604807387144","error":""},"_links":{"self":[{"href":"https:\/\/www.europesays.com\/se\/wp-json\/wp\/v2\/posts\/114484","targetHints":{"allow":["GET"]}}],"collection":[{"href":"https:\/\/www.europesays.com\/se\/wp-json\/wp\/v2\/posts"}],"about":[{"href":"https:\/\/www.europesays.com\/se\/wp-json\/wp\/v2\/types\/post"}],"author":[{"embeddable":true,"href":"https:\/\/www.europesays.com\/se\/wp-json\/wp\/v2\/users\/2"}],"replies":[{"embeddable":true,"href":"https:\/\/www.europesays.com\/se\/wp-json\/wp\/v2\/comments?post=114484"}],"version-history":[{"count":0,"href":"https:\/\/www.europesays.com\/se\/wp-json\/wp\/v2\/posts\/114484\/revisions"}],"wp:featuredmedia":[{"embeddable":true,"href":"https:\/\/www.europesays.com\/se\/wp-json\/wp\/v2\/media\/54"}],"wp:attachment":[{"href":"https:\/\/www.europesays.com\/se\/wp-json\/wp\/v2\/media?parent=114484"}],"wp:term":[{"taxonomy":"category","embeddable":true,"href":"https:\/\/www.europesays.com\/se\/wp-json\/wp\/v2\/categories?post=114484"},{"taxonomy":"post_tag","embeddable":true,"href":"https:\/\/www.europesays.com\/se\/wp-json\/wp\/v2\/tags?post=114484"}],"curies":[{"name":"wp","href":"https:\/\/api.w.org\/{rel}","templated":true}]}}