{"id":114488,"date":"2025-12-23T03:28:08","date_gmt":"2025-12-23T03:28:08","guid":{"rendered":"https:\/\/www.europesays.com\/se\/114488\/"},"modified":"2025-12-23T03:28:08","modified_gmt":"2025-12-23T03:28:08","slug":"saco-nar-trump-sviker-forskningen-drabbas-sverige","status":"publish","type":"post","link":"https:\/\/www.europesays.com\/se\/114488\/","title":{"rendered":"Saco: N\u00e4r Trump sviker forskningen drabbas Sverige"},"content":{"rendered":"<p>N\u00e4r Donald Trump \u00e5terv\u00e4nde till Vita huset var det m\u00e5nga som undrade om hans forskningspolitik skulle f\u00f6lja samma linje som under hans f\u00f6rsta mandatperiod. Nu har det g\u00e5tt ett \u00e5r och det m\u00e4rks allt tydligare att svaret \u00e4r ja. De f\u00f6r\u00e4ndringar som genomf\u00f6rts i USA:s forskningssystem f\u00e5r direkta konsekvenser ocks\u00e5 f\u00f6r Sverige, eftersom v\u00e5ra universitet, forskare och f\u00f6retag sedan l\u00e4nge \u00e4r djupt integrerade i amerikanska samarbeten.<\/p>\n<p>Amerikanska nedsk\u00e4rningar p\u00e5verkar svensk forskning<\/p>\n<p>Rapporter fr\u00e5n b\u00e5de Saco och Svenskt N\u00e4ringsliv visar hur snabbt l\u00e4get har f\u00f6r\u00e4ndrats. Nedsk\u00e4rningar och omprioriteringar inom centrala amerikanska forskningsfinansi\u00e4rer \u2013 som National Science Foundation och delar av National Institutes of Health \u2013 har redan lett till att internationella projekt d\u00e4r svenska forskare deltar bromsats, pausats eller helt tappat sin finansiering. Den os\u00e4kerhet som nu pr\u00e4glar amerikansk forskningspolitik spiller direkt \u00f6ver p\u00e5 svenska l\u00e4ros\u00e4ten som har planerat l\u00e5ngsiktigt tillsammans med partners i USA.<\/p>\n<p>Samtidigt har administrationen f\u00f6rst\u00e4rkt styrningen mot politiskt prioriterade omr\u00e5den, ofta p\u00e5 bekostnad av fri grundforskning. Flera forskningsf\u00e4lt som klimat, h\u00e5llbarhet och social oj\u00e4mlikhet har f\u00e5tt st\u00e5 tillbaka n\u00e4r kriterierna f\u00f6r anslag skrivits om. \u00c4ven detta p\u00e5verkar Sverige: n\u00e4r stora och prestigefyllda amerikanska institutioner minskar st\u00f6det till centrala framtidsomr\u00e5den riskerar ocks\u00e5 svenska forskargrupper att f\u00e5 sv\u00e5rare att hitta matchande samarbeten och extern finansiering.<\/p>\n<p>F\u00e4rre m\u00f6jligheter f\u00f6r svenska forskare<\/p>\n<p>Ett annat omr\u00e5de d\u00e4r effekterna blivit tydliga \u00e4r forskarnas r\u00f6rlighet. USA har l\u00e4nge varit v\u00e4rldens starkaste magnet f\u00f6r talanger \u2013 en magnet som svenska universitet och f\u00f6retag har dragits till. Men sk\u00e4rpta visumregler och \u00f6kade administrativa hinder har gjort landet mindre \u00f6ppet f\u00f6r internationella forskare, doktorander och studenter. F\u00f6r Sverige inneb\u00e4r det f\u00e4rre m\u00f6jligheter f\u00f6r v\u00e5ra forskare att vistas i v\u00e4rldens mest resursstarka akademiska milj\u00f6er.<\/p>\n<blockquote class=\"quote right\"><p>&#13;<\/p>\n<p>N\u00e4r USA backar fr\u00e5n l\u00e5ngsiktiga investeringar i fri forskning b\u00f6r Sverige och Europa kliva fram<\/p>\n<p>&#13;<br \/>\n  <b\/>&#13;\n<\/p><\/blockquote>\n<p>Sammantaget \u00e4r bilden tydlig: den amerikanska forskningspolitiken under Trump driver fram ett mer instabilt och of\u00f6ruts\u00e4gbart l\u00e4ge i den internationella kunskapsekonomin. F\u00f6r ett litet, exportberoende innovationsland som Sverige \u00e4r detta betydligt mer \u00e4n en utrikespolitisk parentes. Det p\u00e5verkar v\u00e5r f\u00f6rm\u00e5ga att vara v\u00e4rldsledande inom medicin, teknik, gr\u00f6n omst\u00e4llning och avancerad industri.<\/p>\n<p>Sverige m\u00e5ste st\u00e4rka forskningsanslagen<\/p>\n<p>Men situationen rymmer ocks\u00e5 ett handlingsutrymme. N\u00e4r USA backar fr\u00e5n l\u00e5ngsiktiga investeringar i fri forskning b\u00f6r Sverige och Europa kliva fram. Det handlar om att st\u00e4rka v\u00e5ra egna forskningsanslag, s\u00e4kra fler\u00e5rig finansiering och garantera akademisk frihet. Det handlar om att bygga attraktiva och \u00f6ppna forskningsmilj\u00f6er som kan ta emot de forskare som nu tvekar inf\u00f6r USA. Och det handlar om att bredda v\u00e5ra internationella samarbeten inom EU, men ocks\u00e5 med Asien, Kanada och andra l\u00e4nder som tydligt satsar p\u00e5 vetenskaplig excellens.<\/p>\n<p>Ett \u00e5r med Trump r\u00e4cker f\u00f6r att se konturerna: den amerikanska forskningspolitiken \u00e4r inte l\u00e4ngre ett sj\u00e4lvklart nav f\u00f6r global kunskapsutveckling. F\u00f6r Sverige \u00e4r det en v\u00e4ckarklocka. Att vara passiv \u00e4r inte ett alternativ. Om vi inte agerar nu riskerar vi att dras med i en ned\u00e5tg\u00e5ende spiral d\u00e4r kortsiktighet och os\u00e4kerhet urholkar v\u00e5r konkurrenskraft. Men om vi tar tillf\u00e4llet i akt kan vi ist\u00e4llet st\u00e4rka v\u00e5r sj\u00e4lvst\u00e4ndighet, v\u00e5r attraktionskraft och v\u00e5r f\u00f6rm\u00e5ga att bidra till den forskning som v\u00e4rlden beh\u00f6ver.<\/p>\n","protected":false},"excerpt":{"rendered":"N\u00e4r Donald Trump \u00e5terv\u00e4nde till Vita huset var det m\u00e5nga som undrade om hans forskningspolitik skulle f\u00f6lja samma&hellip;\n","protected":false},"author":2,"featured_media":114489,"comment_status":"","ping_status":"","sticky":false,"template":"","format":"standard","meta":{"footnotes":""},"categories":[12],"tags":[22,23,26,27,17,21,24,25,28,29,15,16,18,34,31,33,32,30,19,20],"class_list":{"0":"post-114488","1":"post","2":"type-post","3":"status-publish","4":"format-standard","5":"has-post-thumbnail","7":"category-sverige","8":"tag-breaking-news","9":"tag-breakingnews","10":"tag-featured-news","11":"tag-featurednews","12":"tag-headlines","13":"tag-huvudnyheter","14":"tag-latest-news","15":"tag-latestnews","16":"tag-main-news","17":"tag-mainnews","18":"tag-news","19":"tag-nyheter","20":"tag-rubriker","21":"tag-se","22":"tag-svenska","23":"tag-sverige","24":"tag-sweden","25":"tag-swedish","26":"tag-top-stories","27":"tag-topstories"},"share_on_mastodon":{"url":"https:\/\/pubeurope.com\/@se\/115766762080095336","error":""},"_links":{"self":[{"href":"https:\/\/www.europesays.com\/se\/wp-json\/wp\/v2\/posts\/114488","targetHints":{"allow":["GET"]}}],"collection":[{"href":"https:\/\/www.europesays.com\/se\/wp-json\/wp\/v2\/posts"}],"about":[{"href":"https:\/\/www.europesays.com\/se\/wp-json\/wp\/v2\/types\/post"}],"author":[{"embeddable":true,"href":"https:\/\/www.europesays.com\/se\/wp-json\/wp\/v2\/users\/2"}],"replies":[{"embeddable":true,"href":"https:\/\/www.europesays.com\/se\/wp-json\/wp\/v2\/comments?post=114488"}],"version-history":[{"count":0,"href":"https:\/\/www.europesays.com\/se\/wp-json\/wp\/v2\/posts\/114488\/revisions"}],"wp:featuredmedia":[{"embeddable":true,"href":"https:\/\/www.europesays.com\/se\/wp-json\/wp\/v2\/media\/114489"}],"wp:attachment":[{"href":"https:\/\/www.europesays.com\/se\/wp-json\/wp\/v2\/media?parent=114488"}],"wp:term":[{"taxonomy":"category","embeddable":true,"href":"https:\/\/www.europesays.com\/se\/wp-json\/wp\/v2\/categories?post=114488"},{"taxonomy":"post_tag","embeddable":true,"href":"https:\/\/www.europesays.com\/se\/wp-json\/wp\/v2\/tags?post=114488"}],"curies":[{"name":"wp","href":"https:\/\/api.w.org\/{rel}","templated":true}]}}