{"id":114490,"date":"2025-12-23T03:36:42","date_gmt":"2025-12-23T03:36:42","guid":{"rendered":"https:\/\/www.europesays.com\/se\/114490\/"},"modified":"2025-12-23T03:36:42","modified_gmt":"2025-12-23T03:36:42","slug":"ny-riktlinjer-for-subvention-och-prissattning-av-lakemedel-svensk-farmaci","status":"publish","type":"post","link":"https:\/\/www.europesays.com\/se\/114490\/","title":{"rendered":"Ny riktlinjer f\u00f6r subvention och priss\u00e4ttning av l\u00e4kemedel \u2013 Svensk Farmaci"},"content":{"rendered":"<p>\t\t\t\t<img alt=\"\" class=\"MediaWrapper-content BodyImage-imageObject\" src=\"https:\/\/www.europesays.com\/se\/wp-content\/uploads\/2025\/12\/ffef8719-ece5-40e1-99da-c152f73ed513.jpeg\" data-lazy-load-target=\"content\" width=\"1060\" height=\"706\" loading=\"eager\" decoding=\"async\" fetchpriority=\"high\"\/><\/p>\n<p>\n\t\t\t\t\tGeneraldirekt\u00f6r Agneta Karlsson, TLV.<br \/>\n\t\t\t\t\t\t\tFoto: Jann Lipka, Getty Images\n\t\t\t\t\t\t\t\t\t<\/p>\n<p><strong>Tandv\u00e5rds- och l\u00e4kemedelsf\u00f6rm\u00e5nsverkets, TLV, <\/strong>takprissystem inf\u00f6rdes 2011 med syftet att skapa l\u00e4gre och j\u00e4mnare priser f\u00f6r utbytbara l\u00e4kemedel. Alla utbytbara l\u00e4kemedel inom l\u00e4kemedelsf\u00f6rm\u00e5nerna omfattas av takpriser.<\/p>\n<p>H\u00f6sten 2022 p\u00e5b\u00f6rjade TLV en \u00f6versyn av systemet och under 2023 skedde en rad prisjusteringar som f\u00f6ljd av \u00f6versynen, n\u00e5got som <a href=\"https:\/\/www.svenskfarmaci.se\/2023\/03\/21\/tlv-ska-hoja-takpriser-pa-lakemedel\/\" data-type=\"link\" data-id=\"https:\/\/www.svenskfarmaci.se\/2023\/03\/21\/tlv-ska-hoja-takpriser-pa-lakemedel\/\" rel=\"nofollow noopener\" target=\"_blank\">Svensk Farmaci <\/a>rapporterat om tidigare.<\/p>\n<p>\n\t\tAnnons\t\t\t<\/p>\n<p>\t\t<a href=\"http:\/\/www.unimedicpharma.se\/melatonin\" data-ad-target=\"link\" class=\"Ad-content\" rel=\"sponsored nofollow noopener\" target=\"_blank\"><\/p>\n<p>\t\t\t\t<img alt=\"Annons\" class=\"MediaWrapper-content Ad-image\" src=\"https:\/\/www.europesays.com\/se\/wp-content\/uploads\/2025\/12\/melatonin-banner-se-468x240-high-nnyny.gif\" data-lazy-load-target=\"content\" width=\"468\" height=\"240\" loading=\"lazy\" decoding=\"async\" fetchpriority=\"auto\"\/><\/p>\n<p>\t\t<\/a><\/p>\n<p><strong>Nu f\u00f6resl\u00e5r <a href=\"https:\/\/www.tlv.se\/download\/18.7a82098919b2bdf500621913\/1766392425297\/remiss_tlv_2968-2023.pdf\" data-type=\"link\" data-id=\"https:\/\/www.tlv.se\/download\/18.7a82098919b2bdf500621913\/1766392425297\/remiss_tlv_2968-2023.pdf\" rel=\"nofollow noopener\" target=\"_blank\">TLV flera  f\u00f6r\u00e4ndringar<\/a><\/strong>  i metoder och regelverk f\u00f6r subvention och pris av b\u00e5de nya och \u00e4ldre l\u00e4kemedel.<\/p>\n<p>\u2014 F\u00f6r att m\u00f6ta utvecklingen p\u00e5 l\u00e4kemedelsmarknaden och fatta beslut som ger mesta m\u00f6jliga h\u00e4lsa f\u00f6r skattepengarna, beh\u00f6ver vi l\u00f6pande utveckla v\u00e5ra metoder och kriterier f\u00f6r subvention och pris. TLV f\u00f6resl\u00e5r nu flera \u00e5tg\u00e4rder f\u00f6r att f\u00f6rb\u00e4ttra systemet och f\u00f6r att patienter \u00e4ven i framtiden ska f\u00e5 tillg\u00e5ng till de l\u00e4kemedel som \u00e4r effektiva och viktiga, s\u00e4ger Agneta Karlsson, avg\u00e5ende generaldirekt\u00f6r p\u00e5 TLV i ett <a href=\"https:\/\/www.tlv.se\/press\/nyheter\/arkiv\/2025-12-22-tlv-foreslar-forandringar-for-subvention-och-prissattning-av-lakemedel.html\" data-type=\"link\" data-id=\"https:\/\/www.tlv.se\/press\/nyheter\/arkiv\/2025-12-22-tlv-foreslar-forandringar-for-subvention-och-prissattning-av-lakemedel.html\" rel=\"nofollow noopener\" target=\"_blank\">pressmeddelande.<\/a><\/p>\n<p>Magnus Thyberg som tar \u00f6ver som ny generaldirekt\u00f6r den 1 januari 2026.<\/p>\n<p><strong>TLV har tagit fram f\u00f6rslag<\/strong> till nya riktlinjer f\u00f6r subvention och priss\u00e4ttning av l\u00e4kemedel och f\u00f6resl\u00e5r \u00e4ven \u00e4ndringar i regelverket f\u00f6r takpriser i periodens vara-systemet. F\u00f6r\u00e4ndringarna ska bidra till m\u00e5let om l\u00e5ngsiktigt h\u00e5llbara kostnader och fortsatt god tillg\u00e5ng till l\u00e4kemedel inom f\u00f6rm\u00e5nerna.<\/p>\n<p>F\u00f6rslaget \u00e4r den st\u00f6rsta \u00f6versynen av takprissystemet f\u00f6r utbytbara l\u00e4kemedel sedan 2011 och inneb\u00e4r att nuvarande f\u00f6reskrifter upph\u00e4vs och ers\u00e4tts av tv\u00e5 nya: en om utbyte av l\u00e4kemedel och en om priss\u00e4ttning av utbytbara l\u00e4kemedel.<\/p>\n<p><strong>Det senaste \u00e5ret har TLV <\/strong>\u00e4ndrat kriterierna f\u00f6r hur h\u00f6g kostnad myndigheten accepterar f\u00f6r vissa l\u00e4kemedel f\u00f6r s\u00e4llsynta h\u00e4lsotillst\u00e5nd. F\u00f6r\u00e4ndringarna inneb\u00e4r att fler l\u00e4kemedel f\u00f6r s\u00e4llsynta h\u00e4lsotillst\u00e5nd kan ing\u00e5 i l\u00e4kemedelsf\u00f6rm\u00e5nerna, n\u00e5got som <a href=\"https:\/\/www.svenskfarmaci.se\/2025\/11\/04\/subvention-for-miljoner-nar-mycket-fa-patienter-berors\/\" data-type=\"link\" data-id=\"https:\/\/www.svenskfarmaci.se\/2025\/11\/04\/subvention-for-miljoner-nar-mycket-fa-patienter-berors\/\" rel=\"nofollow noopener\" target=\"_blank\">Svensk Farmac<\/a>i har rapporterat.<\/p>\n<p>F\u00f6r att kunna f\u00f6rb\u00e4ttra tillg\u00e4nglighet till behandlingar av s\u00e4llsynta h\u00e4lsotillst\u00e5nd, utan att totalkostnaderna f\u00f6r l\u00e4kemedel \u00f6kar, beh\u00f6ver befintliga resurser omf\u00f6rdelas. TLV f\u00f6resl\u00e5r d\u00e4rf\u00f6r att det ska ske genom priss\u00e4nkningar p\u00e5 l\u00e4kemedel med h\u00f6gt f\u00f6rs\u00e4ljningsv\u00e4rde tre \u00e5r efter att de f\u00e5tt subvention. <\/p>\n<p><strong>Riktlinjerna inneh\u00e5ller \u00e4ven f\u00f6rslag<\/strong> p\u00e5 s\u00e4rskilda kriterier f\u00f6r bed\u00f6mning av l\u00e4kemedel med en etablerad substans och som saknar den dokumentation av klinisk effekt som kr\u00e4vs f\u00f6r att g\u00f6ra en fullst\u00e4ndig h\u00e4lsoekonomisk bed\u00f6mning. Kriterierna \u00e4r framtagna f\u00f6r att f\u00f6rb\u00e4ttra tillg\u00e5ngen till l\u00e4kemedel som inneh\u00e5ller en etablerad substans och som det finns ett medicinskt behov av i l\u00e4kemedelsf\u00f6rm\u00e5nerna.<\/p>\n<p>F\u00f6rslagen skickas nu ut p\u00e5 remiss. Synpunkter p\u00e5 f\u00f6rslagen ska ha kommit in till TLV senast den 20 februari 2026.<\/p>\n<p><strong>L\u00e4s mer &gt;&gt;<\/strong> <a href=\"https:\/\/www.svenskfarmaci.se\/2025\/11\/04\/subvention-for-miljoner-nar-mycket-fa-patienter-berors\/\" data-type=\"link\" data-id=\"https:\/\/www.svenskfarmaci.se\/2025\/11\/04\/subvention-for-miljoner-nar-mycket-fa-patienter-berors\/\" rel=\"nofollow noopener\" target=\"_blank\">Subvention f\u00f6r miljoner n\u00e4r mycket f\u00e5 patienter ber\u00f6rs<\/a><\/p>\n<p><a href=\"https:\/\/www.svenskfarmaci.se\/2023\/08\/24\/takpriser-hojs-med-25-procent-systemet-fortsatter-att-ses-over\/\" data-type=\"link\" data-id=\"https:\/\/www.svenskfarmaci.se\/2023\/08\/24\/takpriser-hojs-med-25-procent-systemet-fortsatter-att-ses-over\/\" rel=\"nofollow noopener\" target=\"_blank\">Takpriser h\u00f6js med 25 procent \u2013 systemet forts\u00e4tter att ses \u00f6ver<\/a><\/p>\n<p><a href=\"https:\/\/www.svenskfarmaci.se\/2023\/06\/01\/tlv-gor-en-andra-hojning-av-takpriser-for-lakemedel\/\" data-type=\"link\" data-id=\"https:\/\/www.svenskfarmaci.se\/2023\/06\/01\/tlv-gor-en-andra-hojning-av-takpriser-for-lakemedel\/\" rel=\"nofollow noopener\" target=\"_blank\">TLV g\u00f6r en andra h\u00f6jning av takpriser f\u00f6r l\u00e4kemedel<\/a><\/p>\n","protected":false},"excerpt":{"rendered":"Generaldirekt\u00f6r Agneta Karlsson, TLV. Foto: Jann Lipka, Getty Images Tandv\u00e5rds- och l\u00e4kemedelsf\u00f6rm\u00e5nsverkets, TLV, takprissystem inf\u00f6rdes 2011 med syftet&hellip;\n","protected":false},"author":2,"featured_media":114491,"comment_status":"","ping_status":"","sticky":false,"template":"","format":"standard","meta":{"footnotes":""},"categories":[12],"tags":[22,23,26,27,17,21,24,25,28,29,15,16,18,34,31,33,32,30,19,20],"class_list":{"0":"post-114490","1":"post","2":"type-post","3":"status-publish","4":"format-standard","5":"has-post-thumbnail","7":"category-sverige","8":"tag-breaking-news","9":"tag-breakingnews","10":"tag-featured-news","11":"tag-featurednews","12":"tag-headlines","13":"tag-huvudnyheter","14":"tag-latest-news","15":"tag-latestnews","16":"tag-main-news","17":"tag-mainnews","18":"tag-news","19":"tag-nyheter","20":"tag-rubriker","21":"tag-se","22":"tag-svenska","23":"tag-sverige","24":"tag-sweden","25":"tag-swedish","26":"tag-top-stories","27":"tag-topstories"},"share_on_mastodon":{"url":"https:\/\/pubeurope.com\/@se\/115766793751773033","error":""},"_links":{"self":[{"href":"https:\/\/www.europesays.com\/se\/wp-json\/wp\/v2\/posts\/114490","targetHints":{"allow":["GET"]}}],"collection":[{"href":"https:\/\/www.europesays.com\/se\/wp-json\/wp\/v2\/posts"}],"about":[{"href":"https:\/\/www.europesays.com\/se\/wp-json\/wp\/v2\/types\/post"}],"author":[{"embeddable":true,"href":"https:\/\/www.europesays.com\/se\/wp-json\/wp\/v2\/users\/2"}],"replies":[{"embeddable":true,"href":"https:\/\/www.europesays.com\/se\/wp-json\/wp\/v2\/comments?post=114490"}],"version-history":[{"count":0,"href":"https:\/\/www.europesays.com\/se\/wp-json\/wp\/v2\/posts\/114490\/revisions"}],"wp:featuredmedia":[{"embeddable":true,"href":"https:\/\/www.europesays.com\/se\/wp-json\/wp\/v2\/media\/114491"}],"wp:attachment":[{"href":"https:\/\/www.europesays.com\/se\/wp-json\/wp\/v2\/media?parent=114490"}],"wp:term":[{"taxonomy":"category","embeddable":true,"href":"https:\/\/www.europesays.com\/se\/wp-json\/wp\/v2\/categories?post=114490"},{"taxonomy":"post_tag","embeddable":true,"href":"https:\/\/www.europesays.com\/se\/wp-json\/wp\/v2\/tags?post=114490"}],"curies":[{"name":"wp","href":"https:\/\/api.w.org\/{rel}","templated":true}]}}