{"id":114494,"date":"2025-12-23T04:18:18","date_gmt":"2025-12-23T04:18:18","guid":{"rendered":"https:\/\/www.europesays.com\/se\/114494\/"},"modified":"2025-12-23T04:18:18","modified_gmt":"2025-12-23T04:18:18","slug":"kvinna-dod-i-kraftig-villabrand-norrtelje-tidning-2","status":"publish","type":"post","link":"https:\/\/www.europesays.com\/se\/114494\/","title":{"rendered":"Kvinna d\u00f6d i kraftig villabrand \u2013 Norrtelje Tidning"},"content":{"rendered":"<p>En kraftig brand br\u00f6t ut i en villa p\u00e5 Blid\u00f6 under m\u00e5ndagskv\u00e4llen. R\u00f6kdykare gick in i huset och h\u00e4mtade ut en kvinna, som senare f\u00f6rklarades avliden. Flera timmar efter larmet fortsatte r\u00e4ddningstj\u00e4nsten att bek\u00e4mpa branden.<\/p>\n<p>Larmet inkom klockan 16.55. Enligt de prelimin\u00e4ra uppgifterna till SOS Alarm handlade det om en villabrand p\u00e5 norra Blid\u00f6. <\/p>\n<p>R\u00e4ddningstj\u00e4nstens f\u00f6rsta styrka, Blid\u00f6styrkan, var framme p\u00e5 plats strax innan 17.30. <\/p>\n<p>\u2013 Det \u00e4r en fullt utvecklad brand. Just nu jobbar vi med n\u00e4rs\u00f6k. R\u00f6kdykare \u00e4r inte framme \u00e4nnu s\u00e5 vi kan inte g\u00e5 in i villan, sa Oscar Davila, ledningsoperat\u00f6r p\u00e5 r\u00e4ddningstj\u00e4nsten, vid tillf\u00e4llet.  <\/p>\n<p><img decoding=\"async\" width=\"640\" height=\"853\" class=\"article-image article-image--unbound\" alt=\"\" src=\"https:\/\/www.europesays.com\/se\/wp-content\/uploads\/2025\/12\/1766463497_614_64c188f6-e87f-4bbc-aa43-21e9cf454808.jpeg\"   loading=\"lazy\"\/><a class=\"article__lightbox-link\" href=\"https:\/\/static.bonniernews.se\/ba\/64c188f6-e87f-4bbc-aa43-21e9cf454808.jpeg?width=1400&amp;format=pjpg&amp;auto=avif\" data-pswp-width=\"1400\" data-pswp-height=\"1867\" data-pswp-caption=\" Bild: Andreas Larsson\" data-pswp- rel=\"nofollow noopener\" target=\"_blank\">\u00d6ppna bild i helsk\u00e4rmsl\u00e4ge<\/a><\/p>\n<p class=\"article__figcaption-attribution txt-style-muted\">Bild: Andreas Larsson<\/p>\n<p>Vid 17.45 hade r\u00f6kdykare anl\u00e4nt och g\u00e5tt in i villan.<\/p>\n<p>\u2013 De har h\u00e4mtat ut en person som omh\u00e4ndertagits av sjukv\u00e5rd. Man s\u00f6ker vidare efter en till person som eventuellt ska befinna sig i villan, sa Oscar Davila. <\/p>\n<p aria-disabled=\"true\" class=\"ad__preamble ad-text txt-style-muted txt-ui txt-ui--strong txt-ui-2\">Annons<\/p>\n<p aria-disabled=\"true\" class=\"ad__preamble ad-text txt-style-muted txt-ui txt-ui--strong txt-ui-2\">Annons<\/p>\n<p>En ambulanshelikopter var p\u00e5 plats. \u00c4ven polisen ryckte ut till platsen f\u00f6r att bist\u00e5 r\u00e4ddningstj\u00e4nst och sjukv\u00e5rdspersonal.<\/p>\n<p>\u2013 En person \u00e4r avf\u00f6rd med ambulans till sjukhus, sa Mats Eriksson, polisens presstalesperson. <\/p>\n<p>R\u00e4ddningsledare Magnus Sv\u00e4rds\u00e9n uppgav f\u00f6r NT:s reporter att det var en kvinna som tagits om hand och f\u00f6rts till sjukhus. <\/p>\n<p>Under sena kv\u00e4llen uppgav polisen att kvinnan som f\u00f6rdes till sjukhus var avliden. <\/p>\n<p>\u2013 Det \u00e4r en kvinna i 90-\u00e5rs\u00e5ldern. Vi s\u00f6ker efter ytterligare en person som vi befarar \u00e4r kvar i huset. Polisen har inte kunnat g\u00e5 in i bostaden \u00e4nnu, sa Mats Eriksson vid tillf\u00e4llet. <\/p>\n<p>Anh\u00f6riga \u00e4r underr\u00e4ttade om d\u00f6dsfallet. <\/p>\n<p><img decoding=\"async\" width=\"640\" height=\"853\" class=\"article-image article-image--unbound\" alt=\"\" src=\"https:\/\/www.europesays.com\/se\/wp-content\/uploads\/2025\/12\/1766463497_230_8f198b5e-eda3-43c9-8a11-8a0893dc9b47.jpeg\"   loading=\"lazy\"\/><a class=\"article__lightbox-link\" href=\"https:\/\/static.bonniernews.se\/ba\/8f198b5e-eda3-43c9-8a11-8a0893dc9b47.jpeg?width=1400&amp;format=pjpg&amp;auto=avif\" data-pswp-width=\"1400\" data-pswp-height=\"1867\" data-pswp-caption=\" Bild: Andreas Larsson\" data-pswp- rel=\"nofollow noopener\" target=\"_blank\">\u00d6ppna bild i helsk\u00e4rmsl\u00e4ge<\/a><\/p>\n<p class=\"article__figcaption-attribution txt-style-muted\">Bild: Andreas Larsson<\/p>\n<p>Vid 18.30 arbetade r\u00e4ddningstj\u00e4nsten utv\u00e4ndigt med sl\u00e4ckningsarbetet. <\/p>\n<p>\u2013 Det jag f\u00e5tt till mig \u00e4r att vi nu h\u00e5ller p\u00e5 med utv\u00e4ndig sl\u00e4ckning f\u00f6r tillf\u00e4llet, sa Kim Hellberg, ledningsoperat\u00f6r p\u00e5 r\u00e4ddningstj\u00e4nsten. <\/p>\n<p>Vid 19-tiden uppgav r\u00e4ddningstj\u00e4nst och polis att sl\u00e4ckningsarbetet fortfarande p\u00e5gick och att man kommer vara kvar p\u00e5 platsen flera timmar till. <\/p>\n<p>Polisen har inlett en f\u00f6runders\u00f6kning om mordbrand. <\/p>\n<p>\u2013 Man g\u00f6r alltid det i s\u00e5dana h\u00e4r sammanhang. Vi vet inte vad orsaken till branden \u00e4r, sa Mats Eriksson, presstalesperson p\u00e5 polisen. <\/p>\n<p>Vid 21.15 uppgav r\u00e4ddningstj\u00e4nsten att man beslutade att sl\u00e4cka ner branden snarare \u00e4n att l\u00e5ta villan brinna ner. Ett beslut som man senare \u00e4ndrade p\u00e5 nytt.<\/p>\n<p aria-disabled=\"true\" class=\"ad__preamble ad-text txt-style-muted txt-ui txt-ui--strong txt-ui-2\">Annons<\/p>\n<p>\u2013 Inledningsvis t\u00e4nkte vi l\u00e5ta den brinna ner, men elden slutade ta s\u00e5 man valde att sl\u00e4cka ner helt i st\u00e4llet. Det \u00e4r snart gjort och en del resurser kommer d\u00e5 l\u00e4mna platsen, sa Oscar Davila vid tillf\u00e4llet. <\/p>\n<p aria-disabled=\"true\" class=\"ad__preamble ad-text txt-style-muted txt-ui txt-ui--strong txt-ui-2\">Annons<\/p>\n<p>Strax efter midnatt mot tisdag hade n\u00e4stan samtliga fr\u00e5n r\u00e4ddningstj\u00e4nsten i Norrt\u00e4lje avvecklat. <\/p>\n<p>\u2013 Deltidare fr\u00e5n Blid\u00f6 r\u00e4ddningstj\u00e4nst kommer att bevaka under natten och f\u00f6rs\u00f6ka komma \u00e5t det som \u00e4r sv\u00e5rsl\u00e4ckt. Det finns ingen prognos \u00e4nnu utan tiden f\u00e5r utvisa hur l\u00e5ng tid arbetet kommer ta, sa Lars Lindberg, ledningsoperat\u00f6r p\u00e5 r\u00e4ddningstj\u00e4nsten. <\/p>\n<p>Klockan 04.45 var r\u00e4ddningstj\u00e4nsten fr\u00e5n Blid\u00f6 fortsatt kvar p\u00e5 platsen. Ett beslutat hade fattats att villan inte gick att r\u00e4dda.<\/p>\n<p>\u2013 Villan kommer att brinna ner. Just nu jobbar man med att skydda tv\u00e5 intilliggande byggnader. F\u00f6rst\u00e4rkning \u00e4r ut p\u00e5 g\u00e5ng, sa Oscar Davila.<\/p>\n<p><strong>TV: NT:s reporter p\u00e5 plats vid branden. <\/strong><\/p>\n<p class=\"lcl-resource__placeholder-text\">Inb\u00e4ddat inneh\u00e5ll<\/p>\n<p>\u00c4ndra inst\u00e4llningar<img decoding=\"async\" width=\"640\" height=\"427\" class=\"article-image article-image--unbound\" alt=\"\" src=\"https:\/\/www.europesays.com\/se\/wp-content\/uploads\/2025\/12\/1766463497_746_f6a0101a-5a7b-49e8-a355-3a7d58f120db.jpeg\"   loading=\"lazy\"\/><a class=\"article__lightbox-link\" href=\"https:\/\/static.bonniernews.se\/ba\/f6a0101a-5a7b-49e8-a355-3a7d58f120db.jpeg?width=1400&amp;format=pjpg&amp;auto=avif\" data-pswp-width=\"1400\" data-pswp-height=\"933\" data-pswp-caption=\" Bild: Andreas Larsson\" data-pswp- rel=\"nofollow noopener\" target=\"_blank\">\u00d6ppna bild i helsk\u00e4rmsl\u00e4ge<\/a><\/p>\n<p class=\"article__figcaption-attribution txt-style-muted\">Bild: Andreas Larsson<\/p>\n<p><img decoding=\"async\" width=\"640\" height=\"427\" class=\"article-image article-image--unbound\" alt=\"\" src=\"https:\/\/www.europesays.com\/se\/wp-content\/uploads\/2025\/12\/1766463498_755_8084735b-6345-4090-ba1a-ece9ea2cc963.jpeg\"   loading=\"lazy\"\/><a class=\"article__lightbox-link\" href=\"https:\/\/static.bonniernews.se\/ba\/8084735b-6345-4090-ba1a-ece9ea2cc963.jpeg?width=1400&amp;format=pjpg&amp;auto=avif\" data-pswp-width=\"1400\" data-pswp-height=\"933\" data-pswp-caption=\" Bild: Andreas Larsson\" data-pswp- rel=\"nofollow noopener\" target=\"_blank\">\u00d6ppna bild i helsk\u00e4rmsl\u00e4ge<\/a><\/p>\n<p class=\"article__figcaption-attribution txt-style-muted\">Bild: Andreas Larsson<\/p>\n<p aria-disabled=\"true\" class=\"ad__preamble ad-text txt-style-muted txt-ui txt-ui--strong txt-ui-2\">Annons<\/p>\n<p><img decoding=\"async\" width=\"640\" height=\"427\" class=\"article-image article-image--unbound\" alt=\"\" src=\"https:\/\/www.europesays.com\/se\/wp-content\/uploads\/2025\/12\/1766463498_717_24c67c39-f0d6-4d55-877b-069da4961e92.jpeg\"   loading=\"lazy\"\/><a class=\"article__lightbox-link\" href=\"https:\/\/static.bonniernews.se\/ba\/24c67c39-f0d6-4d55-877b-069da4961e92.jpeg?width=1400&amp;format=pjpg&amp;auto=avif\" data-pswp-width=\"1400\" data-pswp-height=\"933\" data-pswp-caption=\" Bild: Andreas Larsson\" data-pswp- rel=\"nofollow noopener\" target=\"_blank\">\u00d6ppna bild i helsk\u00e4rmsl\u00e4ge<\/a><\/p>\n<p class=\"article__figcaption-attribution txt-style-muted\">Bild: Andreas Larsson<\/p>\n<p><img decoding=\"async\" width=\"640\" height=\"853\" class=\"article-image article-image--unbound\" alt=\"\" src=\"https:\/\/www.europesays.com\/se\/wp-content\/uploads\/2025\/12\/1766463498_343_3f4fea89-3f31-47a1-86cc-bfa8ead92dc4.jpeg\"   loading=\"lazy\"\/><a class=\"article__lightbox-link\" href=\"https:\/\/static.bonniernews.se\/ba\/3f4fea89-3f31-47a1-86cc-bfa8ead92dc4.jpeg?width=1400&amp;format=pjpg&amp;auto=avif\" data-pswp-width=\"1400\" data-pswp-height=\"1867\" data-pswp-caption=\" Bild: Andreas Larsson\" data-pswp- rel=\"nofollow noopener\" target=\"_blank\">\u00d6ppna bild i helsk\u00e4rmsl\u00e4ge<\/a><\/p>\n<p class=\"article__figcaption-attribution txt-style-muted\">Bild: Andreas Larsson<\/p>\n<p class=\"lcl-resource__placeholder-text\">Inb\u00e4ddat inneh\u00e5ll<\/p>\n<p>\u00c4ndra inst\u00e4llningar<\/p>\n","protected":false},"excerpt":{"rendered":"En kraftig brand br\u00f6t ut i en villa p\u00e5 Blid\u00f6 under m\u00e5ndagskv\u00e4llen. R\u00f6kdykare gick in i huset och&hellip;\n","protected":false},"author":2,"featured_media":114437,"comment_status":"","ping_status":"","sticky":false,"template":"","format":"standard","meta":{"footnotes":""},"categories":[5],"tags":[22,23,26,27,17,21,24,25,28,29,15,16,18,34,31,33,32,30,19,20],"class_list":{"0":"post-114494","1":"post","2":"type-post","3":"status-publish","4":"format-standard","5":"has-post-thumbnail","7":"category-rubriker","8":"tag-breaking-news","9":"tag-breakingnews","10":"tag-featured-news","11":"tag-featurednews","12":"tag-headlines","13":"tag-huvudnyheter","14":"tag-latest-news","15":"tag-latestnews","16":"tag-main-news","17":"tag-mainnews","18":"tag-news","19":"tag-nyheter","20":"tag-rubriker","21":"tag-se","22":"tag-svenska","23":"tag-sverige","24":"tag-sweden","25":"tag-swedish","26":"tag-top-stories","27":"tag-topstories"},"share_on_mastodon":{"url":"https:\/\/pubeurope.com\/@se\/115766958962123347","error":""},"_links":{"self":[{"href":"https:\/\/www.europesays.com\/se\/wp-json\/wp\/v2\/posts\/114494","targetHints":{"allow":["GET"]}}],"collection":[{"href":"https:\/\/www.europesays.com\/se\/wp-json\/wp\/v2\/posts"}],"about":[{"href":"https:\/\/www.europesays.com\/se\/wp-json\/wp\/v2\/types\/post"}],"author":[{"embeddable":true,"href":"https:\/\/www.europesays.com\/se\/wp-json\/wp\/v2\/users\/2"}],"replies":[{"embeddable":true,"href":"https:\/\/www.europesays.com\/se\/wp-json\/wp\/v2\/comments?post=114494"}],"version-history":[{"count":0,"href":"https:\/\/www.europesays.com\/se\/wp-json\/wp\/v2\/posts\/114494\/revisions"}],"wp:featuredmedia":[{"embeddable":true,"href":"https:\/\/www.europesays.com\/se\/wp-json\/wp\/v2\/media\/114437"}],"wp:attachment":[{"href":"https:\/\/www.europesays.com\/se\/wp-json\/wp\/v2\/media?parent=114494"}],"wp:term":[{"taxonomy":"category","embeddable":true,"href":"https:\/\/www.europesays.com\/se\/wp-json\/wp\/v2\/categories?post=114494"},{"taxonomy":"post_tag","embeddable":true,"href":"https:\/\/www.europesays.com\/se\/wp-json\/wp\/v2\/tags?post=114494"}],"curies":[{"name":"wp","href":"https:\/\/api.w.org\/{rel}","templated":true}]}}