{"id":114511,"date":"2025-12-23T04:57:27","date_gmt":"2025-12-23T04:57:27","guid":{"rendered":"https:\/\/www.europesays.com\/se\/114511\/"},"modified":"2025-12-23T04:57:27","modified_gmt":"2025-12-23T04:57:27","slug":"flera-sjuka-efter-julbord-pa-oland-sverige","status":"publish","type":"post","link":"https:\/\/www.europesays.com\/se\/114511\/","title":{"rendered":"Flera sjuka efter julbord p\u00e5 \u00d6land | Sverige"},"content":{"rendered":"<p>Publicerad 22 dec 2025 kl 12.27Uppdaterad kl 14.18<\/p>\n<p>Diarr\u00e9, kr\u00e4kningar, frossa&#8230;<\/p>\n<p>Flera personer har blivit sjuka efter att ha \u00e4tit p\u00e5 Hotell Skansens julbord p\u00e5 \u00d6land, skriver <a href=\"https:\/\/www.barometern.se\/oland\/flera-sjuka-pa-julbord-restaurang-stangdes-akut\/\" rel=\"nofollow noopener\" target=\"_blank\">Barometern<\/a>.<\/p>\n<p>Restaurangen st\u00e4ngde under helgen f\u00f6r sanering.\u00a0<\/p>\n<p><img   alt=\"\"\/><\/p>\n<p>Flera har rapporterat att de blivit sjuka efter julbordsbes\u00f6ket. ARKIVBILD<\/p>\n<p>Foto: Henrik Holmberg \/ TT NYHETSBYR\u00c5N<\/p>\n<p>\u00d6ppna bild i helsk\u00e4rm<\/p>\n<p>Under perioden den 6 december till den 18 december har n\u00e5gra s\u00e4llskap blivit sjuka vid varje julbordstillf\u00e4lle.<\/p>\n<p>Av \u00f6ver 3000 g\u00e4ster har 89 uppgett att de f\u00e5tt symtom som om diarr\u00e9, kr\u00e4kningar, frossa och feber. Vissa har haft milda symptom, medan andra drabbats v\u00e4rre, enligt livsmedelsenheten p\u00e5 M\u00f6rbyl\u00e5nga kommun.\u00a0<\/p>\n<p>F\u00f6rmodningen vinterkr\u00e4ksjukan<\/p>\n<p>De har insjuknat en till tv\u00e5 dygn efter att de \u00e4tit maten.<\/p>\n<p>Smittskyddet p\u00e5 Region Kalmar l\u00e4n, Hotell Skansen och livsmedelsenheten p\u00e5 M\u00f6rbyl\u00e5nga kommun hade under m\u00e5ndagen m\u00f6te f\u00f6r att f\u00f6rs\u00f6ka sp\u00e5ra smittan.<\/p>\n<p>\u2013 Det \u00e4r f\u00f6rmodligen vinterkr\u00e4ksjukan som g\u00e5r ute i samh\u00e4llet, och den \u00e4r sv\u00e5r att freda sig emot. Det kan vara n\u00e5gon i personalen som varit sjuk eller en g\u00e4st som g\u00e5tt p\u00e5 toaletten. Det \u00e4r sv\u00e5rt att s\u00e4ga var det kommer ifr\u00e5n, man kan vara b\u00e4rare utan att ha symtom, s\u00e4ger Katarina Proos Vedin, livsmedelsinspekt\u00f6r, till Barometern.<\/p>\n<p>St\u00e4ngdes f\u00f6r sanering<\/p>\n<p>I helgen st\u00e4ngdes restaurangen f\u00f6r en ordentlig st\u00e4dning och sanering.<\/p>\n<p>\u201dSt\u00e4ngningen av restaurangen var ett eget, frivilligt beslut fr\u00e5n v\u00e5r sida och en f\u00f6rebyggande \u00e5tg\u00e4rd. V\u00e5r h\u00f6gsta prioritet \u00e4r alltid v\u00e5ra g\u00e4sters och medarbetares s\u00e4kerhet, och d\u00e4rf\u00f6r valde vi att pausa verksamheten f\u00f6r att genomf\u00f6ra extra kontroller och \u00e5tg\u00e4rder\u201d, skriver hotelldirekt\u00f6ren Sofia Kanth i ett mejl till Barometern.<\/p>\n<p>Restaurangen har nu \u00f6ppnat igen. Om fler rapporterar smitta kommer man att ta prover p\u00e5 de sjuka och maten.<\/p>\n<p>\u00c4r du drabbad? Tipsa Expressen.<\/p>\n<p>\u2022 Kontakta Expressen p\u00e5 tipsa@expressen.se eller skicka SMS\/MMS till 0790-643 643<\/p>\n<p><a href=\"https:\/\/www.expressen.se\/nyheter\/har-du-ett-nyhetstips-eller-bilder\/\" rel=\"nofollow noopener\" target=\"_blank\">\u2022 H\u00e4r kan du l\u00e4sa mer om hur du tipsar Expressen<\/a>\u00a0<\/p>\n<p>Visa mer<\/p>\n","protected":false},"excerpt":{"rendered":"Publicerad 22 dec 2025 kl 12.27Uppdaterad kl 14.18 Diarr\u00e9, kr\u00e4kningar, frossa&#8230; Flera personer har blivit sjuka efter att&hellip;\n","protected":false},"author":2,"featured_media":114512,"comment_status":"","ping_status":"","sticky":false,"template":"","format":"standard","meta":{"footnotes":""},"categories":[12],"tags":[22,23,26,27,17,21,24,25,2115,28,29,15,16,18,34,154,31,33,32,30,19,688,145,20],"class_list":{"0":"post-114511","1":"post","2":"type-post","3":"status-publish","4":"format-standard","5":"has-post-thumbnail","7":"category-sverige","8":"tag-breaking-news","9":"tag-breakingnews","10":"tag-featured-news","11":"tag-featurednews","12":"tag-headlines","13":"tag-huvudnyheter","14":"tag-latest-news","15":"tag-latestnews","16":"tag-location-oland","17":"tag-main-news","18":"tag-mainnews","19":"tag-news","20":"tag-nyheter","21":"tag-rubriker","22":"tag-se","23":"tag-sections-sverige","24":"tag-svenska","25":"tag-sverige","26":"tag-sweden","27":"tag-swedish","28":"tag-top-stories","29":"tag-topic-halsa-sjukvard","30":"tag-topic-mat-dryck","31":"tag-topstories"},"share_on_mastodon":{"url":"https:\/\/pubeurope.com\/@se\/115767112022641986","error":""},"_links":{"self":[{"href":"https:\/\/www.europesays.com\/se\/wp-json\/wp\/v2\/posts\/114511","targetHints":{"allow":["GET"]}}],"collection":[{"href":"https:\/\/www.europesays.com\/se\/wp-json\/wp\/v2\/posts"}],"about":[{"href":"https:\/\/www.europesays.com\/se\/wp-json\/wp\/v2\/types\/post"}],"author":[{"embeddable":true,"href":"https:\/\/www.europesays.com\/se\/wp-json\/wp\/v2\/users\/2"}],"replies":[{"embeddable":true,"href":"https:\/\/www.europesays.com\/se\/wp-json\/wp\/v2\/comments?post=114511"}],"version-history":[{"count":0,"href":"https:\/\/www.europesays.com\/se\/wp-json\/wp\/v2\/posts\/114511\/revisions"}],"wp:featuredmedia":[{"embeddable":true,"href":"https:\/\/www.europesays.com\/se\/wp-json\/wp\/v2\/media\/114512"}],"wp:attachment":[{"href":"https:\/\/www.europesays.com\/se\/wp-json\/wp\/v2\/media?parent=114511"}],"wp:term":[{"taxonomy":"category","embeddable":true,"href":"https:\/\/www.europesays.com\/se\/wp-json\/wp\/v2\/categories?post=114511"},{"taxonomy":"post_tag","embeddable":true,"href":"https:\/\/www.europesays.com\/se\/wp-json\/wp\/v2\/tags?post=114511"}],"curies":[{"name":"wp","href":"https:\/\/api.w.org\/{rel}","templated":true}]}}