{"id":114521,"date":"2025-12-23T05:09:10","date_gmt":"2025-12-23T05:09:10","guid":{"rendered":"https:\/\/www.europesays.com\/se\/114521\/"},"modified":"2025-12-23T05:09:10","modified_gmt":"2025-12-23T05:09:10","slug":"jag-och-carl-johan-de-geer-ar-normala","status":"publish","type":"post","link":"https:\/\/www.europesays.com\/se\/114521\/","title":{"rendered":"Jag och Carl Johan De Geer \u00e4r normala"},"content":{"rendered":"<p>Marianne Lindberg De Geer<\/p>\n<p>Publicerad 23 dec 2025 kl 05.00<\/p>\n<p>Julen \u00e4r en h\u00f6gtid d\u00e4r familjen samlas, men det kan vara sv\u00e5rt n\u00e4r man \u00e4r m\u00e5nga.<br \/>Marianne Lindberg De Geer skriver om sitt julfirande med barn och barnbarn.<\/p>\n<p><img   alt=\"\"\/><\/p>\n<p>Carl Johan och Marianne Lindberg De Geer tillsammans p\u00e5 julafton.<\/p>\n<p>Foto: Privat<\/p>\n<p>\u00d6ppna bild i helsk\u00e4rm<img   alt=\"\"\/>Marianne Lindberg De Geer<\/p>\n<p><strong>KR\u00d6NIKA. <\/strong>Vi anser nog, maken och jag, att vi \u00e4r ganska normala f\u00f6r\u00e4ldrar. Och med det menar vi ett par som tycker om och trivs med varandra, och med v\u00e5ra nu vuxna barn. V\u00e5r flock \u00e4r diversifierad och fungerar efter omst\u00e4ndigheterna ganska s\u00e5 bra. Vi delar m\u00e5nga gemensamma intressen och har alla numera en fot i konsten och kulturen och \u00e4r d\u00e4rmed vana vid att ha mycket oj\u00e4mna inkomster.\u00a0<\/p>\n<p>V\u00e5ra barn har v\u00e4l inte direkt \u00e4lskat varandra fr\u00e5n f\u00f6rsta \u00f6gonblicket, den d\u00e4r g\u00e5ngen f\u00f6r 38 \u00e5r sen, n\u00e4r vi brutalt f\u00f6ste ihop dem genom v\u00e5r blixtsnabba vigsel i Stadshuset 1987. Tre av barnen har dessutom \u00e4ven en annan f\u00f6r\u00e4lder och ett par av dem dessutom andra syskon. Men med tiden, och barnbarnen som tillkommit, har de accepterat, och till och med b\u00f6rjat uppskatta, att det \u00e4r s\u00e5 h\u00e4r den h\u00e4r familjen ser ut.\u00a0<\/p>\n<p>Vi ses, det \u00e4r inte det. Och de ses sinsemellan, kanske inte s\u00e5 ofta, de har ju alla p\u00e5 var sitt h\u00e5ll sin egen vardag, sin familj, barnens olika faser, allt som m\u00e5ste g\u00e5 ihop. Som f\u00f6rutom heltidsjobben best\u00e5r av allt det d\u00e4r vardagliga: handla, laga mat, l\u00e4mna och h\u00e4mta till basketen\/fotbollen\/taekwondon, amorteringar, den st\u00e4ndiga oron f\u00f6r att f\u00e5 pengarna att r\u00e4cka, barnens skolg\u00e5ng, pubertet\u2026 Eget klimakterium och det som kallas egentid\u2026 f\u00f6r att inte n\u00e4mna r\u00e4dslan f\u00f6r framtiden och s\u00e5 den d\u00e4r f\u00f6rbannade tr\u00e4ningen.\u00a0<\/p>\n<p>Till saken h\u00f6r ocks\u00e5 att vi inte \u00e4ger n\u00e5got sommarst\u00e4lle, s\u00e5nt som man l\u00e4ser om att m\u00e5nga har \u2013 ett sl\u00e4ktens paradis d\u00e4r alla kan samlas och ha det idylliskt tillsammans. De pengar maken och jag haft har vi b\u00e5da lagt p\u00e5 att fortsatt kunna ut\u00f6va v\u00e5ra yrken.\u00a0<\/p>\n<p>S\u00e5 f\u00f6r oss har det tyv\u00e4rr blivit allt sv\u00e5rare att f\u00f6ra samman hela v\u00e5r flock p\u00e5 en och samma dag vid en och samma tid. Visst h\u00e4nder det att vi alla g\u00e5r ut n\u00e5nstans f\u00f6r en italiensk middag p\u00e5 restaurang, men inte ens d\u00e4r lyckas vi f\u00e5 ihop hela familjen.\u00a0<\/p>\n<p><img loading=\"lazy\"   alt=\"\"\/><\/p>\n<p>Julbordet hemma hos Marianne Lindberg De Geer med familj.<\/p>\n<p>Foto: Privat<\/p>\n<p>\u00d6ppna bild i helsk\u00e4rm<\/p>\n<p>Det finns bara en dag som vi alla vikt f\u00f6r detta. Och det \u00e4r julafton. V\u00e5r klans heliga dag. S\u00e5 vitt jag vet \u00e4r ingen av oss s\u00e4rskilt religi\u00f6st lagd \u00e5t n\u00e5got h\u00e5ll. Nej, den sidan av julfirandet har vi lagt bakom oss. Jag kan inte minnas n\u00e5got som helst religi\u00f6st inslag i mitt eget barndomshem vid jul. Och inte maken heller. Innan vi fick egna barn var julafton mest n\u00e5got man som singel skulle genomlida \u2013 jag minns att jag tog alla pass p\u00e5 sjukhuset f\u00f6r att slippa sitta hemma ensam p\u00e5 kammaren.\u00a0<\/p>\n<p>N\u00e4r jag blev lite \u00e4ldre kom tack och lov proggen som faktiskt f\u00f6rde med sig m\u00e5nga trevliga jular, ofta i kollektiv, d\u00e4r var och en som ville komma tog med sig n\u00e5got i matv\u00e4g och en flaska av n\u00e5t slag. Samt ett paket inneh\u00e5llandes n\u00e5got v\u00e4rt 50 sp\u00e4nn, som sedan h\u00f6gtidligt delades ut av ett av kollektivets barn, utkl\u00e4dd till tomtenisse.\u00a0<\/p>\n<p>F\u00f6rdelarna var enorma, ofta kom ensamma grannar som man annars inte pratade s\u00e5 mycket med, och n\u00e5gons mamma fr\u00e5n Bor\u00e5s. N\u00e4r sen proggarna v\u00e4xte ur sina kollektiv \u2013 ville ha egen bil, eller ett jobb i en annan stad, samtidigt som IT-revolutionen exploderade \u2013 s\u00e5 f\u00f6rsvann det kollektiva t\u00e4nkandet och vi blev var och en f\u00f6r sig igen.\u00a0<\/p>\n<p>Annons<\/p>\n<blockquote><p>Vi har vant oss vid varandra nu.<\/p><\/blockquote>\n<p>Nej h\u00e4r sitter jag och blir sentimental, n\u00e4r jag har s\u00e5 mycket att st\u00e5 i. M\u00e5ste ringa R, som varje \u00e5r g\u00f6r upp listan om vem som tar med vad. Hoppas att N hinner g\u00f6ra sin v\u00e4rldsber\u00f6mda apelsint\u00e5rta och frasiga gr\u00f6nsallad, E sina l\u00e4ckra k\u00f6ttbullar, A sin mjuka Jansson och att F f\u00e5r ihop baren. Detta blir lilla M:s andra jul och i maj gifter sig \u00d6 och Am, vars stora familj vi alla kommit att h\u00e5lla av. Tillsammans bildar vi efternamnet De Geer Fors! Hur stort \u00e4r inte det?\u00a0<\/p>\n<p>De senare \u00e5ren har vi slutat ge de vuxna var sin julklapp, nu \u00e4r det barnbarnen som g\u00e4ller. F\u00f6rra \u00e5ret kom grannen med, vet inte hur han har det i \u00e5r, m\u00e5ste ringa p\u00e5 och fr\u00e5ga. <strong>Klas<\/strong> tar med sig sin mamma fr\u00e5n G\u00f6teborg i \u00e5r, ska bli trevligt att l\u00e4ra k\u00e4nna henne lite mer, K och R har ju varit tillsammans i snart fem \u00e5r nu. Minns det som i g\u00e5r n\u00e4r C, d\u00e5 elva, st\u00e4llde ultimatum, \u201ddet \u00e4r han eller jag mamma\u201d, tills f\u00f6r n\u00e5got \u00e5r sen n\u00e4r hon, efter n\u00e5got hon uppfattat som gr\u00e4l sa: \u201dMamma, om det skulle ta slut mellan dig och K, s\u00e5 tycker jag att han ska f\u00e5 bo kvar h\u00e4r. F\u00f6r jag har vant mig vid honom nu.\u201d Och det kan man v\u00e4l s\u00e4ga om oss alla i den h\u00e4r familjen. Vi har vant oss vid varandra nu och vill att det ska forts\u00e4tta precis som f\u00f6rut.\u00a0<\/p>\n<p>Marianne Lindberg De Geer \u00e4r konstn\u00e4r, f\u00f6rfattare och skribent p\u00e5 Expressens kultursida.<\/p>\n","protected":false},"excerpt":{"rendered":"Marianne Lindberg De Geer Publicerad 23 dec 2025 kl 05.00 Julen \u00e4r en h\u00f6gtid d\u00e4r familjen samlas, men&hellip;\n","protected":false},"author":2,"featured_media":114522,"comment_status":"","ping_status":"","sticky":false,"template":"","format":"standard","meta":{"footnotes":""},"categories":[67],"tags":[104,135,12451,12450,34,12449,31,33,32,30,5969,105],"class_list":{"0":"post-114521","1":"post","2":"type-post","3":"status-publish","4":"format-standard","5":"has-post-thumbnail","7":"category-underhallning","8":"tag-entertainment","9":"tag-location-stockholm","10":"tag-person-carl-johan-de-geer","11":"tag-person-marianne-lindberg-de-geer","12":"tag-se","13":"tag-sections-mariannelindbergdegeer","14":"tag-svenska","15":"tag-sverige","16":"tag-sweden","17":"tag-swedish","18":"tag-topic-hogtider","19":"tag-underhallning"},"share_on_mastodon":{"url":"https:\/\/pubeurope.com\/@se\/115767159254493788","error":""},"_links":{"self":[{"href":"https:\/\/www.europesays.com\/se\/wp-json\/wp\/v2\/posts\/114521","targetHints":{"allow":["GET"]}}],"collection":[{"href":"https:\/\/www.europesays.com\/se\/wp-json\/wp\/v2\/posts"}],"about":[{"href":"https:\/\/www.europesays.com\/se\/wp-json\/wp\/v2\/types\/post"}],"author":[{"embeddable":true,"href":"https:\/\/www.europesays.com\/se\/wp-json\/wp\/v2\/users\/2"}],"replies":[{"embeddable":true,"href":"https:\/\/www.europesays.com\/se\/wp-json\/wp\/v2\/comments?post=114521"}],"version-history":[{"count":0,"href":"https:\/\/www.europesays.com\/se\/wp-json\/wp\/v2\/posts\/114521\/revisions"}],"wp:featuredmedia":[{"embeddable":true,"href":"https:\/\/www.europesays.com\/se\/wp-json\/wp\/v2\/media\/114522"}],"wp:attachment":[{"href":"https:\/\/www.europesays.com\/se\/wp-json\/wp\/v2\/media?parent=114521"}],"wp:term":[{"taxonomy":"category","embeddable":true,"href":"https:\/\/www.europesays.com\/se\/wp-json\/wp\/v2\/categories?post=114521"},{"taxonomy":"post_tag","embeddable":true,"href":"https:\/\/www.europesays.com\/se\/wp-json\/wp\/v2\/tags?post=114521"}],"curies":[{"name":"wp","href":"https:\/\/api.w.org\/{rel}","templated":true}]}}