{"id":114525,"date":"2025-12-23T05:12:26","date_gmt":"2025-12-23T05:12:26","guid":{"rendered":"https:\/\/www.europesays.com\/se\/114525\/"},"modified":"2025-12-23T05:12:26","modified_gmt":"2025-12-23T05:12:26","slug":"trumps-plan-for-gaza-glammig-ai-hub","status":"publish","type":"post","link":"https:\/\/www.europesays.com\/se\/114525\/","title":{"rendered":"Trumps plan f\u00f6r Gaza: Glammig AI-hub"},"content":{"rendered":"<p>I ett l\u00e4ckt 32-sidigt dokument, som tidningen The Wall Street Journal har tagit del av, framg\u00e5r president Donald Trumps senaste plan f\u00f6r Gazaremsan. F\u00f6rslaget, som utarbetats av Trumps sv\u00e4rson Jared Kushner och s\u00e4ndebudet Steve Witkoff, beskriver hur landremsan ska omvandlas till en h\u00f6gteknologisk metropol med h\u00f6ghastighetst\u00e5g, AI-n\u00e4tverk och lyxhotell.<\/p>\n<p>I dokumentet finns bilder p\u00e5 lyxiga skyskrapor, futuristiska byggnader, kostnadstabeller och diagram, men det saknas specifika detaljer om finansiering. Det st\u00e5r heller ingenting om var Gazas cirka 2 miljoner inv\u00e5nare ska bo under uppbyggnadsfasen. Enligt tidningen har USA presenterat dokumentet f\u00f6r potentiella givarl\u00e4nder, bland annat Turkiet, Egypten och Gulfstaterna.<\/p>\n","protected":false},"excerpt":{"rendered":"I ett l\u00e4ckt 32-sidigt dokument, som tidningen The Wall Street Journal har tagit del av, framg\u00e5r president Donald&hellip;\n","protected":false},"author":2,"featured_media":114526,"comment_status":"","ping_status":"","sticky":false,"template":"","format":"standard","meta":{"footnotes":""},"categories":[14],"tags":[22,23,26,27,17,21,24,25,28,29,15,16,18,34,31,33,32,30,19,20,51,52,53,54],"class_list":{"0":"post-114525","1":"post","2":"type-post","3":"status-publish","4":"format-standard","5":"has-post-thumbnail","7":"category-varlden","8":"tag-breaking-news","9":"tag-breakingnews","10":"tag-featured-news","11":"tag-featurednews","12":"tag-headlines","13":"tag-huvudnyheter","14":"tag-latest-news","15":"tag-latestnews","16":"tag-main-news","17":"tag-mainnews","18":"tag-news","19":"tag-nyheter","20":"tag-rubriker","21":"tag-se","22":"tag-svenska","23":"tag-sverige","24":"tag-sweden","25":"tag-swedish","26":"tag-top-stories","27":"tag-topstories","28":"tag-varlden","29":"tag-world","30":"tag-world-news","31":"tag-worldnews"},"share_on_mastodon":{"url":"https:\/\/pubeurope.com\/@se\/115767171075603150","error":""},"_links":{"self":[{"href":"https:\/\/www.europesays.com\/se\/wp-json\/wp\/v2\/posts\/114525","targetHints":{"allow":["GET"]}}],"collection":[{"href":"https:\/\/www.europesays.com\/se\/wp-json\/wp\/v2\/posts"}],"about":[{"href":"https:\/\/www.europesays.com\/se\/wp-json\/wp\/v2\/types\/post"}],"author":[{"embeddable":true,"href":"https:\/\/www.europesays.com\/se\/wp-json\/wp\/v2\/users\/2"}],"replies":[{"embeddable":true,"href":"https:\/\/www.europesays.com\/se\/wp-json\/wp\/v2\/comments?post=114525"}],"version-history":[{"count":0,"href":"https:\/\/www.europesays.com\/se\/wp-json\/wp\/v2\/posts\/114525\/revisions"}],"wp:featuredmedia":[{"embeddable":true,"href":"https:\/\/www.europesays.com\/se\/wp-json\/wp\/v2\/media\/114526"}],"wp:attachment":[{"href":"https:\/\/www.europesays.com\/se\/wp-json\/wp\/v2\/media?parent=114525"}],"wp:term":[{"taxonomy":"category","embeddable":true,"href":"https:\/\/www.europesays.com\/se\/wp-json\/wp\/v2\/categories?post=114525"},{"taxonomy":"post_tag","embeddable":true,"href":"https:\/\/www.europesays.com\/se\/wp-json\/wp\/v2\/tags?post=114525"}],"curies":[{"name":"wp","href":"https:\/\/api.w.org\/{rel}","templated":true}]}}