{"id":114527,"date":"2025-12-23T05:13:16","date_gmt":"2025-12-23T05:13:16","guid":{"rendered":"https:\/\/www.europesays.com\/se\/114527\/"},"modified":"2025-12-23T05:13:16","modified_gmt":"2025-12-23T05:13:16","slug":"sankt-bostadstillagg-2026-trots-dyrare-boende-katastrofal-forsamring","status":"publish","type":"post","link":"https:\/\/www.europesays.com\/se\/114527\/","title":{"rendered":"S\u00e4nkt bostadstill\u00e4gg 2026 trots dyrare boende: \u201dKatastrofal f\u00f6rs\u00e4mring\u201d"},"content":{"rendered":"<p><strong>Nya schabloner fr\u00e5n Pensionsmyndigheten ger kraftigt f\u00f6rs\u00e4mrat bostadstill\u00e4gg f\u00f6r de som bor i sm\u00e5hus 2026.<\/strong><\/p>\n<p><strong>Det g\u00e4ller b\u00e5de pension\u00e4rer och de som har sjuk- och aktivitetsers\u00e4ttning fr\u00e5n F\u00f6rs\u00e4kringskassan.<\/strong><\/p>\n<p>Tiotusentals f\u00e5r s\u00e4nkt bostadstill\u00e4gg 2026<\/p>\n<p>27 000 pension\u00e4rer bed\u00f6ms f\u00e5 s\u00e4nkt bostadstill\u00e4gg p\u00e5 grund av \u00e4ndringen. Hur m\u00e5nga personer med sjuk- och aktivitetsers\u00e4ttning som f\u00e5r en s\u00e4nkning \u00e4r oklart.<\/p>\n<p>Drar ned driftkostnaden med 22 procent<\/p>\n<p>F\u00f6r personer som bor i egen fastighet (sm\u00e5hus) f\u00f6r\u00e4ndras schablonbeloppen som anv\u00e4nds f\u00f6r att ber\u00e4kna r\u00e4tten till bostadstill\u00e4gg. Den schablonm\u00e4ssiga driftkostnaden f\u00f6r att bo i sm\u00e5hus s\u00e4nks med 22 procent.<\/p>\n<p>\u00c4ven schablonen f\u00f6r v\u00e4rme och varmvatten s\u00e4nks.<\/p>\n<p>Resultatet blir att bostadstill\u00e4gget s\u00e4nks kraftigt f\u00f6r m\u00e5nga personer som har sjuk- och aktivitetsers\u00e4ttning och f\u00f6r \u00e4ldre.<\/p>\n<p>\u201dEn obegriplig minskning n\u00e4r allt blivit dyrare\u201d<\/p>\n<p>En l\u00e4sare har h\u00f6rt av sig till HejaOlika sedan hen f\u00e5tt en h\u00f6gst ov\u00e4ntad s\u00e4nkning av bostadstill\u00e4gget:<\/p>\n<p>\u2013 F\u00f6rs\u00e4kringskassan anser att min fastighet kostar 63 598 kronor att bo i f\u00f6r \u00e5r 2026, mot 75 454 kronor f\u00f6r \u00e5r 2025. Det \u00e4r en helt obegriplig minskning n\u00e4r alla kostnader ist\u00e4llet hela tiden \u00f6kar!<\/p>\n<p>\u2013 En n\u00e4rmast katastrofal f\u00f6rs\u00e4mring som drabbar alla med eget hus och bostadstill\u00e4gg.<\/p>\n<p>F\u00f6r denne l\u00e4sare blir resultatet att bostadstill\u00e4gget s\u00e4nks fr\u00e5n 5002 kronor per m\u00e5nad under 2025 till 4306 kronor per m\u00e5nad under 2026. En s\u00e4nkning med cirka 14 procent.<\/p>\n<p>\u2013 Att mitt bostadstill\u00e4gg minskar s\u00e5 mycket \u00e4r n\u00e5got jag helt enkelt inte har marginal f\u00f6r n\u00e4r allt blivit dyrare, varje \u00e5r.<\/p>\n<p>\u2013 Detta kommer bli en katastrof f\u00f6r m\u00e5nga i ett l\u00e4ge n\u00e4r h\u00f6gkostnadsskyddet f\u00f6r l\u00e4kemedel har f\u00f6rs\u00e4mrats. Dessutom har r\u00e4nteavdragen f\u00f6r blancol\u00e5n tagits bort, vilket \u00e4ven det drabbar svaga grupper, de som inte har stora marginaler eller tillg\u00e5ngar, betydligt mer \u00e4n andra, s\u00e4ger l\u00e4saren.<\/p>\n<p>Verkliga kostnader har \u00f6kat med 10 procent<\/p>\n<p>Samtidigt som myndigheterna kraftigt s\u00e4nker schablonerna f\u00f6r driftkostnaderna bed\u00f6ms de verkliga kostnaderna ha \u00f6kat i storleksordningen tio procent under 2025.<\/p>\n<p>Nils Holgerssonrapporten tyder p\u00e5 att v\u00e4rme och varmvatten har \u00f6kat med cirka 9 procent under 2025, vatten och avlopp med 10,7 procent och eln\u00e4tsavgifter med 10,6 procent.<\/p>\n<p>\u201dKostnader f\u00f6r fj\u00e4rrv\u00e4rme, eln\u00e4t, vatten och avlopp (VA) samt avfall har \u00f6kat dramatiskt under 2025\u201d, skrev Sveriges Allm\u00e4nnytta i en kommentar den 5 november 2025.<\/p>\n<p>Det \u00e4r oklart i vilken utstr\u00e4ckning de som bor i bostadsr\u00e4tt p\u00e5verkas av \u00e4ndrade schabloner.<\/p>\n<p>HejaOlika har varit i kontakt med b\u00e5de F\u00f6rs\u00e4kringskassan och Pensionsmyndigheten f\u00f6r att f\u00e5 f\u00f6rklaringar och mer information om f\u00f6r\u00e4ndringarna av kostnadsschablonerna. Artikeln kompletteras s\u00e5 snart vi f\u00e5r svar p\u00e5 v\u00e5ra fr\u00e5gor.<\/p>\n<p>Mera fakta<\/p>\n<p><strong>2026<\/strong><br \/>Ur Pensionsmyndigheten f\u00f6reskrifter PFS 2025:3 (Utkom fr\u00e5n trycket den 20 november 2025):<\/p>\n<blockquote>\n<p>4 \u00a7 Driftskostnader f\u00f6r ett sm\u00e5hus, f\u00f6rutom uppv\u00e4rmningskostnader, s\u00e5som kostnader f\u00f6r vatten och avlopp, soph\u00e4mtning, underh\u00e5ll och f\u00f6rs\u00e4kringar ber\u00e4knas schablonvis till <strong>341 kronor per kvadratmeter<\/strong> bostadsyta och \u00e5r.<\/p>\n<\/blockquote>\n<p><strong>2025<\/strong><br \/>Ur Pensionsmyndigheten f\u00f6reskrifter PFS 2024:6 (Utkom fr\u00e5n trycket den 26 november 2024):<\/p>\n<blockquote>\n<p>4 \u00a7 Driftskostnader f\u00f6r ett sm\u00e5hus, f\u00f6rutom uppv\u00e4rmningskostnader, s\u00e5som kostnader f\u00f6r vatten och avlopp, soph\u00e4mtning, underh\u00e5ll och f\u00f6rs\u00e4kringar, ber\u00e4knas schablonvis till <strong>437 kronor per kvadratmeter<\/strong> bostadsyta och \u00e5r.<\/p>\n<\/blockquote>\n<p>Schablonen f\u00f6r att bo i sm\u00e5hus \u00e4ndras allts\u00e5 fr\u00e5n 437 kr\/kvm till 341 kr\/kvm, en s\u00e4nkning med 22 procent.<\/p>\n<p>Pensionsmyndighetens <a href=\"https:\/\/www.pensionsmyndigheten.se\/om-pensionsmyndigheten\/allmanna-handlingar\/lagar-och-regler\" target=\"_blank\" rel=\"noopener nofollow\">f\u00f6reskrifter finns h\u00e4r<\/a>. Direktl\u00e4nk till den <a href=\"https:\/\/www.pensionsmyndigheten.se\/content\/dam\/pensionsmyndigheten\/blanketter---broschyrer---faktablad\/om-pensionsmyndigheten\/lagar-och-regler\/f\u00f6reskrifter\/2025\/Pensionsmyndighetens-f\u00f6reskrifter-PFS-2025-3-om-uppskattning-av-kostnader-f\u00f6r-en-bostads-uppv\u00e4rmning-hush\u00e5llsel-och-\u00f6vrig-drift-vid-ber\u00e4kning-av-bostadskostnad.pdf\" target=\"_blank\" rel=\"noopener nofollow\">f\u00f6reskrift som styr kostnadsschablonen f\u00f6r 2026<\/a>.<\/p>\n<p>Pensionsmyndigheten svarar p\u00e5 HejaOlikas fr\u00e5gor<\/p>\n<p>HejaOlika har f\u00e5tt nedanst\u00e5ende kommentarer fr\u00e5n Ann-Sofi Sj\u00f6berg p\u00e5 Pensionsmyndighetens kommunikationsavdelning.<\/p>\n<p>Varf\u00f6r s\u00e4nks schablonerna s\u00e5 mycket?<\/p>\n<p>\u2013 Under \u00e5r 2022 och 2023 upplevde Sverige h\u00f6ga uppv\u00e4rmningskostnader till f\u00f6ljd av kraftiga pris\u00f6kningar p\u00e5 el och fj\u00e4rrv\u00e4rme. Under \u00e5r 2023 avtog \u00f6kningstakten, men kostnaderna l\u00e5g fortsatt p\u00e5 h\u00f6g niv\u00e5. Utvecklingen har d\u00e4refter v\u00e4nt. Elpriserna har sjunkit och stabiliserats, vilket har lett till s\u00e4nkta schabloner f\u00f6r hush\u00e5llsel och bidragit till l\u00e4gre uppv\u00e4rmningskostnader i flera geografiska zoner, samtidigt som vissa zoner visar mindre \u00f6kningar.<\/p>\n<p>\u2013 \u00c5rets underlag visar \u00e4ven att andra kostnadsposter har utvecklats \u00e5t motsatt h\u00e5ll.<\/p>\n<p>\u2013 Schablonen f\u00f6r varmvatten har \u00f6kat, liksom kostnaderna f\u00f6r vattenf\u00f6rbrukning och soph\u00e4mtning. Driftskostnader f\u00f6r sm\u00e5hus har dock sjunkit framf\u00f6rallt p\u00e5 grund av s\u00e4nkta underh\u00e5llskostnader. Schablonbeloppet s\u00e4nks med 22 procent j\u00e4mf\u00f6rt med 2025.<\/p>\n<p>\u2013 Sammantaget inneb\u00e4r dessa f\u00f6r\u00e4ndringar att de totala boendekostnaderna som ligger till grund f\u00f6r ber\u00e4kningen av bostadstill\u00e4gg blir l\u00e4gre f\u00f6r 2026 j\u00e4mf\u00f6rt med 2025.<\/p>\n<p>Inneb\u00e4r detta att bostadstill\u00e4gget \u00f6verlag kommer att s\u00e4nkas f\u00f6r de som har fastighet\/bostadsr\u00e4tt?<\/p>\n<p>\u2013 Schablonbeloppen anv\u00e4nds fr\u00e4mst f\u00f6r att uppskatta kostnaden f\u00f6r uppv\u00e4rmning och \u00f6vrig drift vid boende i eget sm\u00e5hus, men ocks\u00e5 vid boende i hyrd bostad eller bostadsr\u00e4tt d\u00e4r kostnad f\u00f6r uppv\u00e4rmning, varmvatten, vatten\u00adf\u00f6rbrukning eller soph\u00e4mtning inte ing\u00e5r i hyran eller avgiften.<\/p>\n<p>\u2013 Det \u00e4r fr\u00e4mst pension\u00e4rer med eget sm\u00e5hus som permanentbostad som ber\u00f6rs av de s\u00e4nkta driftskostnaderna fr\u00e5n och med 1 januari 2026.<\/p>\n<p>Hur m\u00e5nga ber\u00f6rs p\u00e5 ett ungef\u00e4r?<\/p>\n<p>\u2013 F\u00f6rslaget inneb\u00e4r att bostadstill\u00e4gg till pension\u00e4rer p\u00e5verkas i s\u00e4nkande riktning f\u00f6r cirka 27 000 individer och i h\u00f6jande riktning f\u00f6r cirka 58 000 individer. F\u00f6r resterande pension\u00e4rer med bostadstill\u00e4gg p\u00e5verkar inte f\u00f6rslaget dess storlek.<\/p>\n<p>\u2013 Den genomsnittliga f\u00f6r\u00e4ndringen blir 403 kronor per m\u00e5nad i s\u00e4nkande riktning och 28 kronor per m\u00e5nad i h\u00f6jande riktning. Eftersom den allm\u00e4nna pensionen \u00f6kar under 2026 \u00e4r det bara 358 individer som f\u00e5r en faktisk minskning av det sammanlagda beloppet och f\u00f6r dessa individer \u00e4r den genomsnittliga minskningen 19 kronor per m\u00e5nad.<\/p>\n<p>Artikeln uppdateras<\/p>\n<p>HejaOlika har bett Pensionsmyndigheten om kompletterade information. Artikeln kommer att uppdateras.<\/p>\n<p>HejaOlika har ocks\u00e5 bett F\u00f6rs\u00e4kringskassan om information om konsekvenserna f\u00f6r personer som har sjuk- och aktivitetsers\u00e4ttning. Pensionsmyndighetens svar om antal ber\u00f6rd avser enbart pension\u00e4rer, inte de som har sjuk- eller aktivitetsers\u00e4ttning.<\/p>\n<p><img loading=\"lazy\" decoding=\"async\" width=\"930\" height=\"1024\" src=\"https:\/\/www.europesays.com\/se\/wp-content\/uploads\/2025\/10\/valter-almedalen240625-fotolinneabengtsson-2316-1000-930x1024.jpg\" alt=\"Valter Bengtsson\" class=\"kb-img wp-image-54615\"  \/>Foto: Linnea Bengtsson.<\/p>\n<p class=\"kt-adv-heading54614_b01cff-67 wp-block-kadence-advancedheading\" data-kb-block=\"kb-adv-heading54614_b01cff-67\">Text av <strong>Valter Bengtsson<\/strong><\/p>\n<p class=\"kt-adv-heading54614_509d0d-0b wp-block-kadence-advancedheading\" data-kb-block=\"kb-adv-heading54614_509d0d-0b\">Chefredakt\u00f6r och ansvarig utgivare f\u00f6r webbtidningen HejaOlika och papperstidningen F\u00f6r\u00e4ldrakraft, sedan starten 2006.<\/p>\n","protected":false},"excerpt":{"rendered":"Nya schabloner fr\u00e5n Pensionsmyndigheten ger kraftigt f\u00f6rs\u00e4mrat bostadstill\u00e4gg f\u00f6r de som bor i sm\u00e5hus 2026. Det g\u00e4ller b\u00e5de&hellip;\n","protected":false},"author":2,"featured_media":114528,"comment_status":"","ping_status":"","sticky":false,"template":"","format":"standard","meta":{"footnotes":""},"categories":[12],"tags":[22,23,26,27,17,21,24,25,28,29,15,16,18,34,31,33,32,30,19,20],"class_list":{"0":"post-114527","1":"post","2":"type-post","3":"status-publish","4":"format-standard","5":"has-post-thumbnail","7":"category-sverige","8":"tag-breaking-news","9":"tag-breakingnews","10":"tag-featured-news","11":"tag-featurednews","12":"tag-headlines","13":"tag-huvudnyheter","14":"tag-latest-news","15":"tag-latestnews","16":"tag-main-news","17":"tag-mainnews","18":"tag-news","19":"tag-nyheter","20":"tag-rubriker","21":"tag-se","22":"tag-svenska","23":"tag-sverige","24":"tag-sweden","25":"tag-swedish","26":"tag-top-stories","27":"tag-topstories"},"share_on_mastodon":{"url":"https:\/\/pubeurope.com\/@se\/115767175343362501","error":""},"_links":{"self":[{"href":"https:\/\/www.europesays.com\/se\/wp-json\/wp\/v2\/posts\/114527","targetHints":{"allow":["GET"]}}],"collection":[{"href":"https:\/\/www.europesays.com\/se\/wp-json\/wp\/v2\/posts"}],"about":[{"href":"https:\/\/www.europesays.com\/se\/wp-json\/wp\/v2\/types\/post"}],"author":[{"embeddable":true,"href":"https:\/\/www.europesays.com\/se\/wp-json\/wp\/v2\/users\/2"}],"replies":[{"embeddable":true,"href":"https:\/\/www.europesays.com\/se\/wp-json\/wp\/v2\/comments?post=114527"}],"version-history":[{"count":0,"href":"https:\/\/www.europesays.com\/se\/wp-json\/wp\/v2\/posts\/114527\/revisions"}],"wp:featuredmedia":[{"embeddable":true,"href":"https:\/\/www.europesays.com\/se\/wp-json\/wp\/v2\/media\/114528"}],"wp:attachment":[{"href":"https:\/\/www.europesays.com\/se\/wp-json\/wp\/v2\/media?parent=114527"}],"wp:term":[{"taxonomy":"category","embeddable":true,"href":"https:\/\/www.europesays.com\/se\/wp-json\/wp\/v2\/categories?post=114527"},{"taxonomy":"post_tag","embeddable":true,"href":"https:\/\/www.europesays.com\/se\/wp-json\/wp\/v2\/tags?post=114527"}],"curies":[{"name":"wp","href":"https:\/\/api.w.org\/{rel}","templated":true}]}}