{"id":114534,"date":"2025-12-23T05:28:20","date_gmt":"2025-12-23T05:28:20","guid":{"rendered":"https:\/\/www.europesays.com\/se\/114534\/"},"modified":"2025-12-23T05:28:20","modified_gmt":"2025-12-23T05:28:20","slug":"forsmark-1-stoppad-i-natt-felsokning-pagar","status":"publish","type":"post","link":"https:\/\/www.europesays.com\/se\/114534\/","title":{"rendered":"Forsmark 1 stoppad i natt \u2013 fels\u00f6kning p\u00e5g\u00e5r"},"content":{"rendered":"<p>K\u00e4rnkraftsreaktorn Forsmark 1 har tillf\u00e4lligt stoppats och fels\u00f6kning p\u00e5g\u00e5r. Det meddelade Vattenfall vid midnatt mot tisdag, skriver TT. <\/p>\n<p>Aftonbladet skriver att det under 99 dagar har p\u00e5g\u00e5tt ett underh\u00e5llsarbete som avslutades f\u00f6rra veckan. <\/p>\n<p>De \u00f6vriga tv\u00e5 reaktorerna vid Forsmarks k\u00e4rnkraftverk fungerar som vanligt. <\/p>\n<p>Omni \u00e4r politiskt obundna och oberoende. Vi str\u00e4var efter att ge fler perspektiv p\u00e5 nyheterna. Har du fr\u00e5gor eller synpunkter kring v\u00e5r rapportering? <a href=\"https:\/\/omni.se\/forsmark-1-stoppad-i-natt-felsokning-pagar\/a\/mailto:redaktion@omni.se\" class=\"ArticleActions_contactLink__W2F1M\" rel=\"nofollow noopener\" target=\"_blank\">Kontakta redaktionen<\/a><\/p>\n","protected":false},"excerpt":{"rendered":"K\u00e4rnkraftsreaktorn Forsmark 1 har tillf\u00e4lligt stoppats och fels\u00f6kning p\u00e5g\u00e5r. Det meddelade Vattenfall vid midnatt mot tisdag, skriver TT.&hellip;\n","protected":false},"author":2,"featured_media":114535,"comment_status":"","ping_status":"","sticky":false,"template":"","format":"standard","meta":{"footnotes":""},"categories":[65],"tags":[72,70,71,291,5922,34,31,33,32,30,2426,1507],"class_list":{"0":"post-114534","1":"post","2":"type-post","3":"status-publish","4":"format-standard","5":"has-post-thumbnail","7":"category-ekonomi","8":"tag-business","9":"tag-economy","10":"tag-ekonomi","11":"tag-energi-ravaror","12":"tag-forsmark","13":"tag-se","14":"tag-svenska","15":"tag-sverige","16":"tag-sweden","17":"tag-swedish","18":"tag-uppsala-lan","19":"tag-vattenfall"},"share_on_mastodon":{"url":"https:\/\/pubeurope.com\/@se\/115767233944609591","error":""},"_links":{"self":[{"href":"https:\/\/www.europesays.com\/se\/wp-json\/wp\/v2\/posts\/114534","targetHints":{"allow":["GET"]}}],"collection":[{"href":"https:\/\/www.europesays.com\/se\/wp-json\/wp\/v2\/posts"}],"about":[{"href":"https:\/\/www.europesays.com\/se\/wp-json\/wp\/v2\/types\/post"}],"author":[{"embeddable":true,"href":"https:\/\/www.europesays.com\/se\/wp-json\/wp\/v2\/users\/2"}],"replies":[{"embeddable":true,"href":"https:\/\/www.europesays.com\/se\/wp-json\/wp\/v2\/comments?post=114534"}],"version-history":[{"count":0,"href":"https:\/\/www.europesays.com\/se\/wp-json\/wp\/v2\/posts\/114534\/revisions"}],"wp:featuredmedia":[{"embeddable":true,"href":"https:\/\/www.europesays.com\/se\/wp-json\/wp\/v2\/media\/114535"}],"wp:attachment":[{"href":"https:\/\/www.europesays.com\/se\/wp-json\/wp\/v2\/media?parent=114534"}],"wp:term":[{"taxonomy":"category","embeddable":true,"href":"https:\/\/www.europesays.com\/se\/wp-json\/wp\/v2\/categories?post=114534"},{"taxonomy":"post_tag","embeddable":true,"href":"https:\/\/www.europesays.com\/se\/wp-json\/wp\/v2\/tags?post=114534"}],"curies":[{"name":"wp","href":"https:\/\/api.w.org\/{rel}","templated":true}]}}