{"id":114536,"date":"2025-12-23T05:30:15","date_gmt":"2025-12-23T05:30:15","guid":{"rendered":"https:\/\/www.europesays.com\/se\/114536\/"},"modified":"2025-12-23T05:30:15","modified_gmt":"2025-12-23T05:30:15","slug":"jimmie-akessons-problem-forodande-for-sd","status":"publish","type":"post","link":"https:\/\/www.europesays.com\/se\/114536\/","title":{"rendered":"\u201dJimmie \u00c5kessons problem f\u00f6r\u00f6dande f\u00f6r SD\u201d"},"content":{"rendered":"<p><img decoding=\"async\" src=\"https:\/\/www.europesays.com\/se\/wp-content\/uploads\/2025\/12\/13f2b2f76f36b0fa04847e6988db65c3.jpg\" alt=\"SMAKPROV Jimmie \u00c5kesson \u2013 2000-talets viktigaste politiker | Del 2: Hund\u00e5ren\" width=\"80\" height=\"80\" loading=\"lazy\" class=\"PodImage-www__sc-a1ppsw-2 ilhaSX\"\/><\/p>\n<p>Politiken &#8211;  8 minSMAKPROV Jimmie \u00c5kesson \u2013 2000-talets viktigaste politiker | Del 2: Hund\u00e5ren<\/p>\n<p class=\"PodDescription-www__sc-a1ppsw-15 ehTUYm\">2007 l\u00e4r sig Jimmie \u00c5kesson citera Rocky Balboa. Han har krigat till sig makten i partiet men internstriden bara forts\u00e4tter.  Han f\u00e5r ingenting gratis \u2013 f\u00f6rr\u00e4n Mona Sahlin st\u00e4ller upp p\u00e5 debatt. Han bantar ner sig 20 kilo, och dr\u00f6mmen om riksdagen uppfylls. Men ett besv\u00e4rligt ungdomsf\u00f6rbund \u2013 och en lika besv\u00e4rlig sv\u00e4rmor \u2013 g\u00f6r livet som partiledare till ett fortsatt helvete. Just innan valet 2014 skriver medierna att han lider av spelmissbruk.<br \/>\nI en exklusiv miniserie f\u00f6r SvD Politiken unders\u00f6ker Maggie Str\u00f6mberg och Torbj\u00f6rn Nilsson vad som format 2000-talets viktigaste politiker i Sverige.<\/p>\n<p><img decoding=\"async\" src=\"https:\/\/www.europesays.com\/se\/wp-content\/uploads\/2025\/12\/13f2b2f76f36b0fa04847e6988db65c3.jpg\" alt=\"Jimmie \u00c5kesson \u2013 2000-talets viktigaste politiker | Del 2: Hund\u00e5ren\" width=\"80\" height=\"80\" loading=\"lazy\" class=\"PodImage-www__sc-a1ppsw-2 ilhaSX\"\/><\/p>\n<p>Politiken &#8211;  1t 2min Jimmie \u00c5kesson \u2013 2000-talets viktigaste politiker | Del 2: Hund\u00e5ren<\/p>\n<p class=\"PodDescription-www__sc-a1ppsw-15 ehTUYm\">2007 l\u00e4r sig Jimmie \u00c5kesson citera Rocky Balboa. Han har krigat till sig makten i partiet men internstriden bara forts\u00e4tter.  Han f\u00e5r ingenting gratis \u2013 f\u00f6rr\u00e4n Mona Sahlin st\u00e4ller upp p\u00e5 debatt. Han bantar ner sig 20 kilo, och dr\u00f6mmen om riksdagen uppfylls. Men ett besv\u00e4rligt ungdomsf\u00f6rbund \u2013 och en lika besv\u00e4rlig sv\u00e4rmor \u2013 g\u00f6r livet som partiledare till ett fortsatt helvete. Just innan valet 2014 skriver medierna att han lider av spelmissbruk.<br \/>\nI en exklusiv miniserie f\u00f6r SvD Politiken unders\u00f6ker Maggie Str\u00f6mberg och Torbj\u00f6rn Nilsson vad som format 2000-talets viktigaste politiker i Sverige.<\/p>\n<p><a href=\"https:\/\/payment.schibsted.com\/authn\/payment\/purchase\/code?client_id=5774e30f1f357a100e8b4567&amp;publisher=svd&amp;redirect_uri=https%3A%2F%2Fwww.svd.se%2Flogin%3Fteaser%3Dstandard%26returnUrl%3Dhttps%3A%2F%2Fwww.svd.se%2Fa%2FM7gK8m&amp;code=SVD-DSPM2V0KTR-249&amp;utm_source=svdse&amp;utm_campaign=politiken&amp;utm_content=podcast_player&amp;utm_url=https%3A%2F%2Fwww.svd.se%2Fa%2FM7gK8m&amp;type=MediaAsset&amp;content_id=sdrn:svdse:mediaasset:268416998&amp;utm_term=audio-offer-podme\" class=\"StyledLockedInfoBarArticle-www__sc-a1ppsw-9 dEMHMb\" rel=\"nofollow noopener\" target=\"_blank\">Forts\u00e4tt lyssna \u2013 bli prenumerant.<\/p>\n<p>Just nu: 2 veckor gratisD\u00e4refter 249 kr\/m\u00e5nad. Avsluta n\u00e4r du vill.<\/p>\n<p><\/a><\/p>\n<p><strong>Jimmie \u00c5kesson har <\/strong>krigat till sig makten i partiet men internstriderna bara forts\u00e4tter. Han f\u00e5r ingenting gratis \u2013 f\u00f6rr\u00e4n Mona Sahlin st\u00e4ller upp p\u00e5 debatt v\u00e5ren 2007. Det \u00e4r f\u00f6rsta g\u00e5ngen \u00c5kesson f\u00e5r m\u00f6ta en annan partiledare.<\/p>\n<p>\u2013 De allra flesta som tittar \u00e4r emot Jimmie \u00c5kesson. S\u00e5 det r\u00e4cker med att han g\u00f6r n\u00e5gonting som \u00e4r lite, lite, lite bra. Eller att hon g\u00f6r n\u00e5gonting som \u00e4r d\u00e5ligt eller svagt, s\u00e5 har han ju vunnit, s\u00e4ger SvD:s politikreporter Torbj\u00f6rn Nilsson.<\/p>\n<p><strong>Tillsammans med<\/strong> Maggie Str\u00f6mberg ber\u00e4ttar han om n\u00e4r Jimmie \u00c5kesson bantar ner sig 20 kilo och dr\u00f6mmen om riksdagen uppfylls. Men ett besv\u00e4rligt ungdomsf\u00f6rbund \u2013 och en lika besv\u00e4rlig sv\u00e4rmor \u2013 g\u00f6r livet som partiledare till ett fortsatt helvete. <\/p>\n<p>\u2013 Det \u00e4r verkligen hund\u00e5r och bel\u00f6ningen kommer inte med riksdagsintr\u00e4det 2010. Det \u00e4r yttre strider och de interna striderna forts\u00e4tter ju ocks\u00e5, s\u00e4ger Torbj\u00f6rn Nilsson. <\/p>\n<p>Sverigedemokraterna firar riksdagsintr\u00e4det vid valet 2010. Foto: Fredrik Sandberg\/TT<\/p>\n<p><strong>Just innan slutdebatten<\/strong> h\u00e5lls i valet 2014 skriver medierna att Jimmie \u00c5kesson lider av spelmissbruk.<\/p>\n<p>\u2013 Han sover r\u00e4tt s\u00e5 d\u00e5ligt. Han skjuter upp saker. Han verkar vara en prokrastinerare. Han vill ha en h\u00e5rd deadline. Han verkar f\u00e5 ganska mycket adrenalin av att vara med i Aktuellt. Och \u00e4r han f\u00f6rst med i Aktuellt och sen i morgon-tv morgonen efter, s\u00e5 sover han inte alls. Sett till det s\u00e5 \u00e4r det kanske inte en j\u00e4tte\u00f6verraskning att han blir utbr\u00e4nd, s\u00e4ger Maggie Str\u00f6mberg.<\/p>\n<p>\u2013 Det \u00e4r kanske inte \u00f6verraskande men det \u00e4r ju alldeles f\u00f6r\u00f6dande f\u00f6r Sverigedemokraterna. H\u00e4r har de i n\u00e4stan tio \u00e5r satsat allt p\u00e5 en person. Det \u00e4r Jimmie \u00c5kesson som ska leda dem. Det \u00e4r Jimmie \u00c5kesson som ska vara ansiktet ut\u00e5t. Det \u00e4r han som, verkar det vara, den stora strategiska t\u00e4nkaren som ska ta dem till att f\u00e5 inflytande p\u00e5 riktigt. Och sen tvingas han kasta in handduken, s\u00e4ger Torbj\u00f6rn Nilsson.<\/p>\n<p>I en exklusiv <a href=\"https:\/\/www.svd.se\/lyssna\/politiken\" target=\"_blank\" rel=\"noopener noreferrer nofollow\">miniserie f\u00f6r SvD Politiken<\/a> unders\u00f6ker Maggie Str\u00f6mberg och Torbj\u00f6rn Nilsson vad som format 2000-talets viktigaste politiker i Sverige.<\/p>\n<p><img decoding=\"async\" src=\"https:\/\/www.europesays.com\/se\/wp-content\/uploads\/2025\/12\/14d02de67b43ee2d49e0d479673eaf5b.jpg\" alt=\"Jimmie \u00c5kesson \u2013 2000-talets viktigaste politiker | Del 1: Rebellen\" width=\"80\" height=\"80\" loading=\"lazy\" class=\"PodImage-www__sc-a1ppsw-2 ilhaSX\"\/><\/p>\n<p>Politiken &#8211;  52 minJimmie \u00c5kesson \u2013 2000-talets viktigaste politiker | Del 1: Rebellen<\/p>\n<p class=\"PodDescription-www__sc-a1ppsw-15 ehTUYm\">1994 g\u00e5r Jimmie \u00c5kesson med i Muf, men \u00e5ngrar sig. Han \u00e4r en ton\u00e5ring i S\u00f6lvesborg som k\u00e4nner sig tyst och blyg. Han b\u00f6rjar skolka, men f\u00e5r fina betyg. Han v\u00e4ljer en egen v\u00e4g. Han finner en fiende \u2013 de kallar han kommunister. Han flyttar till Lund. Han tr\u00e4ffar Bj\u00f6rn S\u00f6der. Han upplever hetluften. Och uppt\u00e4cker hur vuxenv\u00e4rlden reagerar n\u00e4r han s\u00e4ger att han \u00e4r sverigedemokrat. Han tycker om det.<br \/>\nI en exklusiv miniserie f\u00f6r SvD Politiken unders\u00f6ker Maggie Str\u00f6mberg och Torbj\u00f6rn Nilsson vad som format 2000-talets viktigaste politiker i Sverige.<\/p>\n<p><a href=\"https:\/\/payment.schibsted.com\/authn\/payment\/purchase\/code?client_id=5774e30f1f357a100e8b4567&amp;publisher=svd&amp;redirect_uri=https%3A%2F%2Fwww.svd.se%2Flogin%3Fteaser%3Dstandard%26returnUrl%3Dhttps%3A%2F%2Fwww.svd.se%2Fa%2FM7gK8m&amp;code=SVD-DSPM2V0KTR-249&amp;utm_source=svdse&amp;utm_campaign=politiken&amp;utm_content=podcast_player&amp;utm_url=https%3A%2F%2Fwww.svd.se%2Fa%2FM7gK8m&amp;type=MediaAsset&amp;content_id=sdrn:svdse:mediaasset:268416997&amp;utm_term=audio-offer-podme\" class=\"StyledLockedInfoBarArticle-www__sc-a1ppsw-9 dEMHMb\" rel=\"nofollow noopener\" target=\"_blank\">Forts\u00e4tt lyssna \u2013 bli prenumerant.<\/p>\n<p>Just nu: 2 veckor gratisD\u00e4refter 249 kr\/m\u00e5nad. Avsluta n\u00e4r du vill.<\/p>\n<p><\/a><img decoding=\"async\" src=\"https:\/\/www.europesays.com\/se\/wp-content\/uploads\/2025\/12\/13f2b2f76f36b0fa04847e6988db65c3.jpg\" alt=\"Jimmie \u00c5kesson \u2013 2000-talets viktigaste politiker | Del 2: Hund\u00e5ren\" width=\"80\" height=\"80\" loading=\"lazy\" class=\"PodImage-www__sc-a1ppsw-2 ilhaSX\"\/><\/p>\n<p>Politiken &#8211;  1t 2min Jimmie \u00c5kesson \u2013 2000-talets viktigaste politiker | Del 2: Hund\u00e5ren<\/p>\n<p class=\"PodDescription-www__sc-a1ppsw-15 ehTUYm\">2007 l\u00e4r sig Jimmie \u00c5kesson citera Rocky Balboa. Han har krigat till sig makten i partiet men internstriden bara forts\u00e4tter.  Han f\u00e5r ingenting gratis \u2013 f\u00f6rr\u00e4n Mona Sahlin st\u00e4ller upp p\u00e5 debatt. Han bantar ner sig 20 kilo, och dr\u00f6mmen om riksdagen uppfylls. Men ett besv\u00e4rligt ungdomsf\u00f6rbund \u2013 och en lika besv\u00e4rlig sv\u00e4rmor \u2013 g\u00f6r livet som partiledare till ett fortsatt helvete. Just innan valet 2014 skriver medierna att han lider av spelmissbruk.<br \/>\nI en exklusiv miniserie f\u00f6r SvD Politiken unders\u00f6ker Maggie Str\u00f6mberg och Torbj\u00f6rn Nilsson vad som format 2000-talets viktigaste politiker i Sverige.<\/p>\n<p><a href=\"https:\/\/payment.schibsted.com\/authn\/payment\/purchase\/code?client_id=5774e30f1f357a100e8b4567&amp;publisher=svd&amp;redirect_uri=https%3A%2F%2Fwww.svd.se%2Flogin%3Fteaser%3Dstandard%26returnUrl%3Dhttps%3A%2F%2Fwww.svd.se%2Fa%2FM7gK8m&amp;code=SVD-DSPM2V0KTR-249&amp;utm_source=svdse&amp;utm_campaign=politiken&amp;utm_content=podcast_player&amp;utm_url=https%3A%2F%2Fwww.svd.se%2Fa%2FM7gK8m&amp;type=MediaAsset&amp;content_id=sdrn:svdse:mediaasset:268416998&amp;utm_term=audio-offer-podme\" class=\"StyledLockedInfoBarArticle-www__sc-a1ppsw-9 dEMHMb\" rel=\"nofollow noopener\" target=\"_blank\">Forts\u00e4tt lyssna \u2013 bli prenumerant.<\/p>\n<p>Just nu: 2 veckor gratisD\u00e4refter 249 kr\/m\u00e5nad. Avsluta n\u00e4r du vill.<\/p>\n<p><\/a><img decoding=\"async\" src=\"https:\/\/www.europesays.com\/se\/wp-content\/uploads\/2025\/12\/3bb680d43239eb3dd3d7c3477216529f.jpg\" alt=\"Jimmie \u00c5kesson \u2013 2000-talets viktigaste politiker | Del 3: Extrem toppstyrning, extrem delegering\" width=\"80\" height=\"80\" loading=\"lazy\" class=\"PodImage-www__sc-a1ppsw-2 ilhaSX\"\/><\/p>\n<p>Politiken &#8211;  54 minJimmie \u00c5kesson \u2013 2000-talets viktigaste politiker | Del 3: Extrem toppstyrning, extrem delegering<\/p>\n<p class=\"PodDescription-www__sc-a1ppsw-15 ehTUYm\">2014 blir Jimmie \u00c5kesson sjukskriven. Han etablerar ett nytt s\u00e4tt att vara politisk ledare: total n\u00e4rvaro och total fr\u00e5nvaro. Fr\u00e5n s\u00e4ngen i S\u00f6lvesborg river han ner budgetordningen i Sverige. Han utesluter ungdomsf\u00f6rbundet. P\u00e5 ett par \u00e5r h\u00e4nder \u2013 och v\u00e4nder \u2013 allt. Flyktingkrisen kommer som en befrielse. Han blir pappa till ett sp\u00e4dbarn med kolik, och snart ocks\u00e5 pappa till en helt ny tanke om en regeringsbildning. Innan Ulf Kristersson eller Ebba Busch har f\u00f6rst\u00e5tt det, har Jimmie \u00c5kesson lagt grunden f\u00f6r Tid\u00f6-regeringen.<br \/>\nI en exklusiv miniserie f\u00f6r SvD Politiken unders\u00f6ker Maggie Str\u00f6mberg och Torbj\u00f6rn Nilsson vad som format 2000-talets viktigaste politiker i Sverige.<\/p>\n<p><a href=\"https:\/\/payment.schibsted.com\/authn\/payment\/purchase\/code?client_id=5774e30f1f357a100e8b4567&amp;publisher=svd&amp;redirect_uri=https%3A%2F%2Fwww.svd.se%2Flogin%3Fteaser%3Dstandard%26returnUrl%3Dhttps%3A%2F%2Fwww.svd.se%2Fa%2FM7gK8m&amp;code=SVD-DSPM2V0KTR-249&amp;utm_source=svdse&amp;utm_campaign=politiken&amp;utm_content=podcast_player&amp;utm_url=https%3A%2F%2Fwww.svd.se%2Fa%2FM7gK8m&amp;type=MediaAsset&amp;content_id=sdrn:svdse:mediaasset:268416999&amp;utm_term=audio-offer-podme\" class=\"StyledLockedInfoBarArticle-www__sc-a1ppsw-9 dEMHMb\" rel=\"nofollow noopener\" target=\"_blank\">Forts\u00e4tt lyssna \u2013 bli prenumerant.<\/p>\n<p>Just nu: 2 veckor gratisD\u00e4refter 249 kr\/m\u00e5nad. Avsluta n\u00e4r du vill.<\/p>\n<p><\/a><img decoding=\"async\" src=\"https:\/\/www.europesays.com\/se\/wp-content\/uploads\/2025\/12\/691a125672cf72875a7acc847db7a46b.jpg\" alt=\"Jimmie \u00c5kesson \u2013 2000-talets viktigaste politiker | Del 4: En man som \u00f6verger sig fram\" width=\"80\" height=\"80\" loading=\"lazy\" class=\"PodImage-www__sc-a1ppsw-2 ilhaSX\"\/><\/p>\n<p>Politiken &#8211;  1t 9min Jimmie \u00c5kesson \u2013 2000-talets viktigaste politiker | Del 4: En man som \u00f6verger sig fram<\/p>\n<p class=\"PodDescription-www__sc-a1ppsw-15 ehTUYm\">2025 reser finansminister Elisabeth Svantesson till S\u00f6lvesborg n\u00e4r hon ska g\u00f6ra sin statsbudget. Vill man f\u00f6rankra n\u00e5got i Tid\u00f6-regeringen f\u00e5r man g\u00f6ra det hemma hos Jimmie \u00c5kesson. Som den tyngsta partiledare i regeringsunderlaget g\u00e5r han bort sig i ett EU-val. Han p\u00e5minner om Tage Erlander men bjuder ocks\u00e5 in en antisemit p\u00e5 svensexa och en MC-kriminell p\u00e5 br\u00f6llop. Han formar dagordningen. Han f\u00f6rbereder ministerposter. Han blir en del av etablissemanget. Hur g\u00e5r en rebell vidare efter det?<br \/>\nI en exklusiv miniserie f\u00f6r SvD Politiken unders\u00f6ker Maggie Str\u00f6mberg och Torbj\u00f6rn Nilsson vad som format 2000-talets viktigaste politiker i Sverige.<\/p>\n<p><a href=\"https:\/\/payment.schibsted.com\/authn\/payment\/purchase\/code?client_id=5774e30f1f357a100e8b4567&amp;publisher=svd&amp;redirect_uri=https%3A%2F%2Fwww.svd.se%2Flogin%3Fteaser%3Dstandard%26returnUrl%3Dhttps%3A%2F%2Fwww.svd.se%2Fa%2FM7gK8m&amp;code=SVD-DSPM2V0KTR-249&amp;utm_source=svdse&amp;utm_campaign=politiken&amp;utm_content=podcast_player&amp;utm_url=https%3A%2F%2Fwww.svd.se%2Fa%2FM7gK8m&amp;type=MediaAsset&amp;content_id=sdrn:svdse:mediaasset:268417000&amp;utm_term=audio-offer-podme\" class=\"StyledLockedInfoBarArticle-www__sc-a1ppsw-9 dEMHMb\" rel=\"nofollow noopener\" target=\"_blank\">Forts\u00e4tt lyssna \u2013 bli prenumerant.<\/p>\n<p>Just nu: 2 veckor gratisD\u00e4refter 249 kr\/m\u00e5nad. Avsluta n\u00e4r du vill.<\/p>\n<p><\/a><\/p>\n","protected":false},"excerpt":{"rendered":"Politiken &#8211; 8 minSMAKPROV Jimmie \u00c5kesson \u2013 2000-talets viktigaste politiker | Del 2: Hund\u00e5ren 2007 l\u00e4r sig Jimmie&hellip;\n","protected":false},"author":2,"featured_media":114537,"comment_status":"","ping_status":"","sticky":false,"template":"","format":"standard","meta":{"footnotes":""},"categories":[12],"tags":[22,23,26,27,17,21,24,25,28,29,15,16,18,34,31,33,32,30,19,20],"class_list":{"0":"post-114536","1":"post","2":"type-post","3":"status-publish","4":"format-standard","5":"has-post-thumbnail","7":"category-sverige","8":"tag-breaking-news","9":"tag-breakingnews","10":"tag-featured-news","11":"tag-featurednews","12":"tag-headlines","13":"tag-huvudnyheter","14":"tag-latest-news","15":"tag-latestnews","16":"tag-main-news","17":"tag-mainnews","18":"tag-news","19":"tag-nyheter","20":"tag-rubriker","21":"tag-se","22":"tag-svenska","23":"tag-sverige","24":"tag-sweden","25":"tag-swedish","26":"tag-top-stories","27":"tag-topstories"},"share_on_mastodon":{"url":"https:\/\/pubeurope.com\/@se\/115767242091589010","error":""},"_links":{"self":[{"href":"https:\/\/www.europesays.com\/se\/wp-json\/wp\/v2\/posts\/114536","targetHints":{"allow":["GET"]}}],"collection":[{"href":"https:\/\/www.europesays.com\/se\/wp-json\/wp\/v2\/posts"}],"about":[{"href":"https:\/\/www.europesays.com\/se\/wp-json\/wp\/v2\/types\/post"}],"author":[{"embeddable":true,"href":"https:\/\/www.europesays.com\/se\/wp-json\/wp\/v2\/users\/2"}],"replies":[{"embeddable":true,"href":"https:\/\/www.europesays.com\/se\/wp-json\/wp\/v2\/comments?post=114536"}],"version-history":[{"count":0,"href":"https:\/\/www.europesays.com\/se\/wp-json\/wp\/v2\/posts\/114536\/revisions"}],"wp:featuredmedia":[{"embeddable":true,"href":"https:\/\/www.europesays.com\/se\/wp-json\/wp\/v2\/media\/114537"}],"wp:attachment":[{"href":"https:\/\/www.europesays.com\/se\/wp-json\/wp\/v2\/media?parent=114536"}],"wp:term":[{"taxonomy":"category","embeddable":true,"href":"https:\/\/www.europesays.com\/se\/wp-json\/wp\/v2\/categories?post=114536"},{"taxonomy":"post_tag","embeddable":true,"href":"https:\/\/www.europesays.com\/se\/wp-json\/wp\/v2\/tags?post=114536"}],"curies":[{"name":"wp","href":"https:\/\/api.w.org\/{rel}","templated":true}]}}