{"id":114561,"date":"2025-12-23T06:02:11","date_gmt":"2025-12-23T06:02:11","guid":{"rendered":"https:\/\/www.europesays.com\/se\/114561\/"},"modified":"2025-12-23T06:02:11","modified_gmt":"2025-12-23T06:02:11","slug":"uf-foretag-tar-klivet-ut-i-fastighetsbranschen-fastighetstidningen","status":"publish","type":"post","link":"https:\/\/www.europesays.com\/se\/114561\/","title":{"rendered":"UF-f\u00f6retag tar klivet ut i fastighetsbranschen \u2013 Fastighetstidningen"},"content":{"rendered":"<p><strong>Under det g\u00e5ngna<\/strong> \u00e5ret har ett nytt, ungt f\u00f6retag vid namn Bark &amp; Bo etablerat sig i fastighetsbranschen. F\u00f6retaget startade sin resa som ett UF-f\u00f6retag, och under det senaste halv\u00e5ret har de utvecklat sina tj\u00e4nster f\u00f6r att m\u00f6ta fastighetsbolagens behov av konkreta och m\u00e4tbara l\u00f6sningar f\u00f6r biologisk m\u00e5ngfald. Men hur har det g\u00e5tt? Och vad \u00e4r n\u00e4sta steg f\u00f6r det unga f\u00f6retaget?<\/p>\n<p>Bark &amp; Bo grundades av Hannes Klum och hans kollegor, och s\u00e5lde initialt fladdermusholkar genom sitt UF-f\u00f6retag. Efter att ha insett att det fanns ett st\u00f6rre behov p\u00e5 marknaden, d\u00e4r fastighetsbolagen k\u00e4mpar med att uppfylla krav p\u00e5 biologisk m\u00e5ngfald, valde de att utveckla UF-f\u00f6retaget till ett aktiebolag genom en st\u00f6rre satsning p\u00e5 insektshotell.<\/p>\n<p>\u2013 Vi ville inte bara s\u00e4lja holkar, utan erbjuda en helhetsl\u00f6sning som inkluderade installation, uppf\u00f6ljning och m\u00e4tbarhet. Och f\u00f6r fastighetsbolagen var det viktigt att vi faktiskt kunde visa p\u00e5 en konkret effekt av det vi g\u00f6r, s\u00e4ger Hannes Klum, en av grundarna.<\/p>\n<p>Under deras UF-period s\u00e5ldes fladdermusholkarna till privatpersoner. Men n\u00e4r e-handelns s\u00e4song mattades av, ins\u00e5g f\u00f6retaget att fastighetsbranschen skulle kunna bli en mer l\u00e5ngsiktig marknad.<\/p>\n<p><strong>Hannes Klum menar<\/strong> att fastighetsbolag i dag st\u00e5r inf\u00f6r ett flertal krav p\u00e5 att bevara och \u00f6ka den biologiska m\u00e5ngfalden, n\u00e5got som ofta hamnar i skymundan n\u00e4r det g\u00e4ller energieffektivisering och utsl\u00e4pp. Bark &amp; Bo s\u00e5g d\u00e5 en m\u00f6jlighet att positionera sig som en l\u00f6sning p\u00e5 detta.<\/p>\n<p style=\"font-size:14px; font-family:'Open Sans',sans-serif; color:grey\">[ Annons ]<\/p>\n<p><a class=\"annons_mitten\" href=\"https:\/\/www.fastighetsagarna.se\/utbildning\/\" rel=\"nofollow noopener\" target=\"_blank\"><img data-lazyloaded=\"1\" decoding=\"async\" src=\"https:\/\/www.europesays.com\/se\/wp-content\/uploads\/2025\/12\/webb-banner-senaste-kunskap-600x360-1.jpg\"\/><\/a><\/p>\n<p>\u2013 Vi b\u00f6rjade f\u00f6rst\u00e5 att fastighetsbolagen faktiskt har ett stort behov av att \u00f6ka den biologiska m\u00e5ngfalden, men ocks\u00e5 av att kunna visa att deras insatser har en konkret effekt, s\u00e4ger Hannes Klum.<\/p>\n<p>D\u00e4rf\u00f6r erbjuder Bark &amp; Bo inte bara installationsarbetet, utan ocks\u00e5 en uppf\u00f6ljning d\u00e4r insektshotellens effekt m\u00e4ts. F\u00f6retaget samarbetar med biologer och ekologer som dokumenterar och rapporterar insektsaktiviteten i de hotell och holkar som installeras.<\/p>\n<p>Hannes Klum f\u00f6rklarar att m\u00e5let \u00e4r att fastighets\u00e4gare inte bara ska kunna visa att de har installerat dessa l\u00f6sningar, utan ocks\u00e5 kunna redovisa den faktiska effekten p\u00e5 den biologiska m\u00e5ngfalden.<\/p>\n<p><strong>Att g\u00e5 fr\u00e5n att<\/strong> vara ett UF-f\u00f6retag till att etablera sig i fastighetsbranschen p\u00e5 bara ett halv\u00e5r har varit en stor omst\u00e4llning. Fastighetsbolagen har visat sig vara en mer utmanande m\u00e5lgrupp att n\u00e5 \u00e4n den privata konsumenten. Men trots det har f\u00f6retaget lyckats knyta viktiga samarbeten med stora akt\u00f6rer som HSB och Bonniers Fastigheter.<\/p>\n<p>\u2013 Det har s\u00e5klart varit tufft att komma in i branschen, men det har ocks\u00e5 varit v\u00e4ldigt l\u00e4rorikt. Vi har f\u00e5tt ett bra gensvar fr\u00e5n fastighetsbolagen, men vi m\u00e4rker att m\u00e5nga av dem fortfarande k\u00e4mpar med att s\u00e4tta upp konkreta m\u00e5l f\u00f6r den biologiska m\u00e5ngfalden. Vi \u00e4r h\u00e4r f\u00f6r att hj\u00e4lpa dem att g\u00f6ra det, s\u00e4ger Hannes Klum.<\/p>\n<p>Bark &amp; Bo har nu siktet inst\u00e4llt p\u00e5 att expandera verksamheten nationellt under 2026. M\u00e5let \u00e4r att genomf\u00f6ra och driva m\u00e4tbara biologiska m\u00e5ngfalds\u00e5tg\u00e4rder p\u00e5 uppdrag av fler fastighets\u00e4gare, inklusive installation och uppf\u00f6ljning f\u00f6r att skapa h\u00e5llbara l\u00f6sningar f\u00f6r biologisk m\u00e5ngfald. <\/p>\n<p>\u2013 Vi ser att det finns ett stort behov av det vi g\u00f6r. Biologisk m\u00e5ngfald m\u00e5ste tas p\u00e5 allvar, och vi tror att vi kan vara en viktig akt\u00f6r f\u00f6r att hj\u00e4lpa fastighetsbolagen att uppfylla de krav som st\u00e4lls p\u00e5 dem. Vi hoppas att 2026 blir \u00e5ret d\u00e5 vi kan etablera oss mer brett i Sverige, och inom tid hela Europa, s\u00e4ger Hannes Klum.<\/p>\n","protected":false},"excerpt":{"rendered":"Under det g\u00e5ngna \u00e5ret har ett nytt, ungt f\u00f6retag vid namn Bark &amp; Bo etablerat sig i fastighetsbranschen.&hellip;\n","protected":false},"author":2,"featured_media":114562,"comment_status":"","ping_status":"","sticky":false,"template":"","format":"standard","meta":{"footnotes":""},"categories":[12],"tags":[22,23,26,27,17,21,24,25,28,29,15,16,18,34,31,33,32,30,19,20],"class_list":{"0":"post-114561","1":"post","2":"type-post","3":"status-publish","4":"format-standard","5":"has-post-thumbnail","7":"category-sverige","8":"tag-breaking-news","9":"tag-breakingnews","10":"tag-featured-news","11":"tag-featurednews","12":"tag-headlines","13":"tag-huvudnyheter","14":"tag-latest-news","15":"tag-latestnews","16":"tag-main-news","17":"tag-mainnews","18":"tag-news","19":"tag-nyheter","20":"tag-rubriker","21":"tag-se","22":"tag-svenska","23":"tag-sverige","24":"tag-sweden","25":"tag-swedish","26":"tag-top-stories","27":"tag-topstories"},"share_on_mastodon":{"url":"https:\/\/pubeurope.com\/@se\/115767367886888031","error":""},"_links":{"self":[{"href":"https:\/\/www.europesays.com\/se\/wp-json\/wp\/v2\/posts\/114561","targetHints":{"allow":["GET"]}}],"collection":[{"href":"https:\/\/www.europesays.com\/se\/wp-json\/wp\/v2\/posts"}],"about":[{"href":"https:\/\/www.europesays.com\/se\/wp-json\/wp\/v2\/types\/post"}],"author":[{"embeddable":true,"href":"https:\/\/www.europesays.com\/se\/wp-json\/wp\/v2\/users\/2"}],"replies":[{"embeddable":true,"href":"https:\/\/www.europesays.com\/se\/wp-json\/wp\/v2\/comments?post=114561"}],"version-history":[{"count":0,"href":"https:\/\/www.europesays.com\/se\/wp-json\/wp\/v2\/posts\/114561\/revisions"}],"wp:featuredmedia":[{"embeddable":true,"href":"https:\/\/www.europesays.com\/se\/wp-json\/wp\/v2\/media\/114562"}],"wp:attachment":[{"href":"https:\/\/www.europesays.com\/se\/wp-json\/wp\/v2\/media?parent=114561"}],"wp:term":[{"taxonomy":"category","embeddable":true,"href":"https:\/\/www.europesays.com\/se\/wp-json\/wp\/v2\/categories?post=114561"},{"taxonomy":"post_tag","embeddable":true,"href":"https:\/\/www.europesays.com\/se\/wp-json\/wp\/v2\/tags?post=114561"}],"curies":[{"name":"wp","href":"https:\/\/api.w.org\/{rel}","templated":true}]}}