{"id":114578,"date":"2025-12-23T06:40:08","date_gmt":"2025-12-23T06:40:08","guid":{"rendered":"https:\/\/www.europesays.com\/se\/114578\/"},"modified":"2025-12-23T06:40:08","modified_gmt":"2025-12-23T06:40:08","slug":"23-december-07-26-sammanfattning-natt-sodermanlands-lan","status":"publish","type":"post","link":"https:\/\/www.europesays.com\/se\/114578\/","title":{"rendered":"23 december 07.26, Sammanfattning natt, S\u00f6dermanlands l\u00e4n"},"content":{"rendered":"<p>Polisen har hanterat ett 40-tal \u00e4renden i S\u00f6dermanlands l\u00e4n mellan klockan 22 och 07. Inga grova v\u00e5ldsbrott eller allvarliga h\u00e4ndelser har kommit till polisens k\u00e4nnedom.<\/p>\n<p><strong>02:43 Brand &#8211; Str\u00e4ngn\u00e4s<\/strong><\/p>\n<p>Ett kvargl\u00f6mt stearinljus p\u00e5 en altan orsakar en brand i en villa i Str\u00e4ngn\u00e4s. Branden sprider sig mot fasaden och r\u00f6ken tar sig in i huset. Samtliga boende kan ta sig ut oskadda och branden sl\u00e4cks av r\u00e4ddningstj\u00e4nsten innan huset blivit \u00f6vert\u00e4nt. En anm\u00e4lan om brand utan misstanke om brott skrivs.<\/p>\n<p><strong>03:22 Brand &#8211; Katrineholm<\/strong><\/p>\n<p>Larm om brand i en villa i stadsdelen Valla i Katrineholm inkommer. R\u00e4ddningstj\u00e4nst \u00e5ker f\u00f6r att sl\u00e4cka men branden \u00e4r fullt utvecklad och huset f\u00e5r brinna ned. Branden sprider sig inte till omkringliggande fastigheter, och alla lyckas ta sig ut ur huset oskadda. Polis skriver en anm\u00e4lan om brand utan misstanke om brott.<\/p>\n<p>\u00a0<\/p>\n","protected":false},"excerpt":{"rendered":"Polisen har hanterat ett 40-tal \u00e4renden i S\u00f6dermanlands l\u00e4n mellan klockan 22 och 07. Inga grova v\u00e5ldsbrott eller&hellip;\n","protected":false},"author":2,"featured_media":54,"comment_status":"","ping_status":"","sticky":false,"template":"","format":"standard","meta":{"footnotes":""},"categories":[12],"tags":[22,23,26,27,17,21,24,25,28,29,15,16,18,34,31,33,32,30,19,20],"class_list":{"0":"post-114578","1":"post","2":"type-post","3":"status-publish","4":"format-standard","5":"has-post-thumbnail","7":"category-sverige","8":"tag-breaking-news","9":"tag-breakingnews","10":"tag-featured-news","11":"tag-featurednews","12":"tag-headlines","13":"tag-huvudnyheter","14":"tag-latest-news","15":"tag-latestnews","16":"tag-main-news","17":"tag-mainnews","18":"tag-news","19":"tag-nyheter","20":"tag-rubriker","21":"tag-se","22":"tag-svenska","23":"tag-sverige","24":"tag-sweden","25":"tag-swedish","26":"tag-top-stories","27":"tag-topstories"},"share_on_mastodon":{"url":"https:\/\/pubeurope.com\/@se\/115767517138940982","error":""},"_links":{"self":[{"href":"https:\/\/www.europesays.com\/se\/wp-json\/wp\/v2\/posts\/114578","targetHints":{"allow":["GET"]}}],"collection":[{"href":"https:\/\/www.europesays.com\/se\/wp-json\/wp\/v2\/posts"}],"about":[{"href":"https:\/\/www.europesays.com\/se\/wp-json\/wp\/v2\/types\/post"}],"author":[{"embeddable":true,"href":"https:\/\/www.europesays.com\/se\/wp-json\/wp\/v2\/users\/2"}],"replies":[{"embeddable":true,"href":"https:\/\/www.europesays.com\/se\/wp-json\/wp\/v2\/comments?post=114578"}],"version-history":[{"count":0,"href":"https:\/\/www.europesays.com\/se\/wp-json\/wp\/v2\/posts\/114578\/revisions"}],"wp:featuredmedia":[{"embeddable":true,"href":"https:\/\/www.europesays.com\/se\/wp-json\/wp\/v2\/media\/54"}],"wp:attachment":[{"href":"https:\/\/www.europesays.com\/se\/wp-json\/wp\/v2\/media?parent=114578"}],"wp:term":[{"taxonomy":"category","embeddable":true,"href":"https:\/\/www.europesays.com\/se\/wp-json\/wp\/v2\/categories?post=114578"},{"taxonomy":"post_tag","embeddable":true,"href":"https:\/\/www.europesays.com\/se\/wp-json\/wp\/v2\/tags?post=114578"}],"curies":[{"name":"wp","href":"https:\/\/api.w.org\/{rel}","templated":true}]}}