{"id":114588,"date":"2025-12-23T07:12:17","date_gmt":"2025-12-23T07:12:17","guid":{"rendered":"https:\/\/www.europesays.com\/se\/114588\/"},"modified":"2025-12-23T07:12:17","modified_gmt":"2025-12-23T07:12:17","slug":"trump-vi-maste-ha-gronland-hufvudstadsbladet","status":"publish","type":"post","link":"https:\/\/www.europesays.com\/se\/114588\/","title":{"rendered":"Trump: \u201dVi m\u00e5ste ha Gr\u00f6nland\u201d &#8211; Hufvudstadsbladet"},"content":{"rendered":"<ol>\n<li><a href=\"https:\/\/news.google.com\/rss\/articles\/CBMigwFBVV95cUxQeVRZMTJaTklsdHRXYjJxQ0N4OUZoY1BzeW1DQks2R0J2VmpYV21LUExmTnpBX19nVEt6TXhUZ3RXTTJXSWQtdlVkbWhQTmdpdTB6RWp4RTRsWUFEbWthdzMxUi0ybzZqRzF2RUtZQVYzQnhtVktFakstRnU3anRROWJVSQ?oc=5\" target=\"_blank\" rel=\"nofollow noopener\">Trump: \u201dVi m\u00e5ste ha Gr\u00f6nland\u201d<\/a>&nbsp;&nbsp;Hufvudstadsbladet<\/li>\n<li><a href=\"https:\/\/news.google.com\/rss\/articles\/CBMiigFBVV95cUxPSTN5c0N4ZkJweGp3ODgyaWNrNFdSNFZUOFBBRi1xb1FJMXdhRWZGX1Y0alNnYXhpaWpqZndXZVFzOC1IMURYTXhOakdTSGVROU5qdkFqMnhqV0NmWjRCMUlaX1pybUhGQklaWGs3Q3FvUEdiUmdULTN0OXpvdDVVbl9tdU9XeW1jekE?oc=5\" target=\"_blank\" rel=\"nofollow noopener\">Trumps nya utspel: M\u00e5ste ha Gr\u00f6nland<\/a>&nbsp;&nbsp;Aftonbladet<\/li>\n<li><a href=\"https:\/\/news.google.com\/rss\/articles\/CBMikgFBVV95cUxPV2tfcFNoNWxnU0F2eEQxNHZFY19IWDlJMEo0cUpicHZRVmJDdWRud1hMLTRDbVI5Y0Y0Q1RkZjVzYTZFSlpWS0J2cUpmTndMb3UtZE5KeVBncXQwTEhlamxLZjBqQ2daZ0VkVlBpa1ZPV21CVlR1YnlpWEE1dHEtb3ByeXdGMXFvNmJaX0p4dS1Qdw?oc=5\" target=\"_blank\" rel=\"nofollow noopener\">Hallenberg om nya Gr\u00f6nlandsutspelet: \u201dKnivhugg i ryggen\u201d<\/a>&nbsp;&nbsp;SVT Nyheter<\/li>\n<li><a href=\"https:\/\/news.google.com\/rss\/articles\/CBMilgFBVV95cUxNaXFyMElMbXpMSVlDWmI2TzhXZUFCYWxGLWxjUExGSDBQRU5FOUtRMUNpYmV4VUlscWpMSlFnQ1Q1MkN4U1BVbGJzSlViMnVXN0xWTWJJV2hreDZEbFpXdTZBb3hUc3FhT3hVMW83LUxjR1R5VWpKWkJOUjhRcElhQUZXcHNnMlhDb25aczVSSGlicEpmN3c?oc=5\" target=\"_blank\" rel=\"nofollow noopener\">Trump: \u201dVi m\u00e5ste ha Gr\u00f6nland f\u00f6r v\u00e5r nationella s\u00e4kerhet\u201d<\/a>&nbsp;&nbsp;Sveriges Radio<\/li>\n<li><a href=\"https:\/\/news.google.com\/rss\/articles\/CBMif0FVX3lxTE5RYmUyOW1jUElpc3BldWFxNE8tOVRrRlpiQzRyclB2emdBMEZtTF8wUGRpSzloRGhIeHEtY0NpUFR2WVNJWi1WOE9kSHIwTUxvUmFhZVhxMjNYSXZPVnota1VJLWJJalFScDFpQVVOb1pqVy1pXzdEOXd6UWdET1E?oc=5\" target=\"_blank\" rel=\"nofollow noopener\">Svaret: \u201dVisa respekt f\u00f6r Danmarks gr\u00e4nser\u201d<\/a>&nbsp;&nbsp;SvD<\/li>\n<\/ol>\n","protected":false},"excerpt":{"rendered":"Trump: \u201dVi m\u00e5ste ha Gr\u00f6nland\u201d&nbsp;&nbsp;Hufvudstadsbladet Trumps nya utspel: M\u00e5ste ha Gr\u00f6nland&nbsp;&nbsp;Aftonbladet Hallenberg om nya Gr\u00f6nlandsutspelet: \u201dKnivhugg i ryggen\u201d&nbsp;&nbsp;SVT&hellip;\n","protected":false},"author":2,"featured_media":114589,"comment_status":"","ping_status":"","sticky":false,"template":"","format":"standard","meta":{"footnotes":""},"categories":[14],"tags":[22,23,26,27,17,21,24,25,28,29,15,16,18,34,31,33,32,30,19,20,51,52,53,54],"class_list":{"0":"post-114588","1":"post","2":"type-post","3":"status-publish","4":"format-standard","5":"has-post-thumbnail","7":"category-varlden","8":"tag-breaking-news","9":"tag-breakingnews","10":"tag-featured-news","11":"tag-featurednews","12":"tag-headlines","13":"tag-huvudnyheter","14":"tag-latest-news","15":"tag-latestnews","16":"tag-main-news","17":"tag-mainnews","18":"tag-news","19":"tag-nyheter","20":"tag-rubriker","21":"tag-se","22":"tag-svenska","23":"tag-sverige","24":"tag-sweden","25":"tag-swedish","26":"tag-top-stories","27":"tag-topstories","28":"tag-varlden","29":"tag-world","30":"tag-world-news","31":"tag-worldnews"},"share_on_mastodon":{"url":"https:\/\/pubeurope.com\/@se\/115767643115658356","error":""},"_links":{"self":[{"href":"https:\/\/www.europesays.com\/se\/wp-json\/wp\/v2\/posts\/114588","targetHints":{"allow":["GET"]}}],"collection":[{"href":"https:\/\/www.europesays.com\/se\/wp-json\/wp\/v2\/posts"}],"about":[{"href":"https:\/\/www.europesays.com\/se\/wp-json\/wp\/v2\/types\/post"}],"author":[{"embeddable":true,"href":"https:\/\/www.europesays.com\/se\/wp-json\/wp\/v2\/users\/2"}],"replies":[{"embeddable":true,"href":"https:\/\/www.europesays.com\/se\/wp-json\/wp\/v2\/comments?post=114588"}],"version-history":[{"count":0,"href":"https:\/\/www.europesays.com\/se\/wp-json\/wp\/v2\/posts\/114588\/revisions"}],"wp:featuredmedia":[{"embeddable":true,"href":"https:\/\/www.europesays.com\/se\/wp-json\/wp\/v2\/media\/114589"}],"wp:attachment":[{"href":"https:\/\/www.europesays.com\/se\/wp-json\/wp\/v2\/media?parent=114588"}],"wp:term":[{"taxonomy":"category","embeddable":true,"href":"https:\/\/www.europesays.com\/se\/wp-json\/wp\/v2\/categories?post=114588"},{"taxonomy":"post_tag","embeddable":true,"href":"https:\/\/www.europesays.com\/se\/wp-json\/wp\/v2\/tags?post=114588"}],"curies":[{"name":"wp","href":"https:\/\/api.w.org\/{rel}","templated":true}]}}