{"id":114590,"date":"2025-12-23T07:13:19","date_gmt":"2025-12-23T07:13:19","guid":{"rendered":"https:\/\/www.europesays.com\/se\/114590\/"},"modified":"2025-12-23T07:13:19","modified_gmt":"2025-12-23T07:13:19","slug":"ardennerklubben-fyllde-skogen-med-hastkrafter","status":"publish","type":"post","link":"https:\/\/www.europesays.com\/se\/114590\/","title":{"rendered":"Ardennerklubben fyllde skogen med h\u00e4stkrafter"},"content":{"rendered":"<p>&#13;<br \/>\n                                            &#13;<\/p>\n<p class=\"summary\"><strong><\/p>\n<p>I slutet av november arrangerade \u00d6rebro L\u00e4ns Ardennerklubb en skogsdag hos Kenneth Sch\u00f6ld i Oppeby. Dagen lockade m\u00e5nga ekipage och nyfikna \u00e5sk\u00e5dare och blev ett perfekt tillf\u00e4lle f\u00f6r h\u00e4starna att milj\u00f6tr\u00e4nas i skogen.<\/p>\n<p>&#13;<br \/>\n<\/strong><\/p>\n<p>&#13;<br \/>\n                                            <img decoding=\"async\" alt=\"\" src=\"https:\/\/www.europesays.com\/se\/wp-content\/uploads\/2025\/12\/1766473990_929_getimage.aspx\"\/>&#13;<br \/>\nSkogsdagen i Oppeby gav fint tillf\u00e4lle f\u00f6r h\u00e4star och f\u00f6rare att milj\u00f6tr\u00e4na och testa redskap. Ett uppskattat arrangemang med m\u00e5nga ekipage, skogsakt\u00f6rer och nyfikna \u00e5sk\u00e5dare. Foto: Ausrine \u00d6hrstr\u00f6m&#13;<br \/>\n&#13;<br \/>\n&#13;<\/p>\n<p>P\u00e5 plats under dagen fanns \u00e4ven skogs\u00adbolagen SKOGsam och Rundvirke Skog. Dessutom hade Baksta hembygdsf\u00f6rening en viktig uppgift: att v\u00e4rma och m\u00e4tta alla med kaffe, fika och korv.<\/p>\n<p>&#13;<br \/>\n&#13;<br \/>\n<img decoding=\"async\" alt=\"\" src=\"https:\/\/www.europesays.com\/se\/wp-content\/uploads\/2025\/12\/1766473991_258_getimage.aspx\"\/>&#13;<br \/>\nKenneth Sch\u00f6ld ber\u00e4ttar att det var ett gemensamt beslut med klubben att ordna dagen. Han bj\u00f6d \u00e4ven in skogsf\u00f6retagen, som var p\u00e5 plats och ber\u00e4ttade om sina verksamheter, och han \u00e4r glad \u00f6ver den fina uppslutningen. Foto: Ausrine \u00d6hrstr\u00f6m\u00a0&#13;<br \/>\n&#13;<br \/>\n&#13;<\/p>\n<p>Enligt Kenneth Sch\u00f6ld var detta ett utm\u00e4rkt tillf\u00e4lle f\u00f6r folk att prova p\u00e5 milj\u00f6tr\u00e4ning med h\u00e4st, testa olika redskap och lunna stockar. Han \u00e4r medlem i Ardenner\u00ad\u00adklubben, \u00e4ven om han inte sj\u00e4lv har n\u00e5gra h\u00e4star.<\/p>\n<p>&#13;<br \/>\n&#13;<\/p>\n<p>\u2013 Jag har blivit medlem eftersom jag hj\u00e4lper till och tycker det \u00e4r roligt. Dessutom har jag en granne h\u00e4ruppe som har ardennerh\u00e4star, ber\u00e4ttar Kenneth och till\u00e4gger:<\/p>\n<p>&#13;<br \/>\n&#13;<\/p>\n<p>\u2013 De har varit h\u00e4r f\u00f6rut vid ett liknande arrangemang och tyckte det var trevligt, s\u00e5 de ville komma tillbaka.<\/p>\n<p>&#13;<br \/>\n&#13;<\/p>\n<p>Kenneth \u00e4r glad \u00f6ver det stora intresset.<\/p>\n<p>&#13;<br \/>\n&#13;<\/p>\n<p>\u2013 Det \u00e4r j\u00e4tteroligt. Det kom faktiskt r\u00e4tt mycket folk, man har ju ingen aning innan hur m\u00e5nga som ska komma.<\/p>\n<p>&#13;<br \/>\n&#13;<\/p>\n<p>N\u00e4r det g\u00e4ller anv\u00e4ndningen av h\u00e4star i skogen ber\u00e4ttar han att det mest handlar om specialk\u00f6rningar \u00e5t kommuner d\u00e4r man vill undvika skador p\u00e5 marken och k\u00f6ra f\u00f6rsiktigt med h\u00e4star.<\/p>\n<p>&#13;<br \/>\n&#13;<\/p>\n<p>\u2013 Det g\u00e5r ju inte att konkurrera med maskiner i dag, men det finns specialk\u00f6rningar d\u00e4r man inte vill ha s\u00f6nderk\u00f6rt. N\u00e5gra tar sig an s\u00e5dana k\u00f6rningar, men inte i n\u00e5gra stora utr\u00e4ckningar. Nu har de dessutom s\u00e5 fina grejer som vagnar med griplastare som kan dras efter h\u00e4starna.<\/p>\n<p>&#13;<br \/>\n&#13;<br \/>\n&#8221;Luftar h\u00e4starna&#8221;&#13;<br \/>\n&#13;<br \/>\n<img decoding=\"async\" alt=\"\" src=\"https:\/\/www.europesays.com\/se\/wp-content\/uploads\/2025\/12\/1766473992_638_getimage.aspx\"\/>&#13;<br \/>\nArdennerh\u00e4sten Rask i arbete med Janne Forslund som h\u00e5ller i t\u00f6mmarna. Foto: Ausrine \u00d6hrstr\u00f6m\u00a0&#13;<br \/>\n&#13;<br \/>\n&#13;<br \/>\n<img decoding=\"async\" alt=\"\" src=\"https:\/\/www.europesays.com\/se\/wp-content\/uploads\/2025\/12\/1766473992_422_getimage.aspx\"\/>&#13;<br \/>\n\u2013 Det sv\u00e5raste \u00e4r att f\u00e5 dem att lyssna. H\u00e4star kan ju g\u00e4rna springa fram\u00e5t, men det knepigaste \u00e4r att f\u00e5 dem att st\u00e5 stilla, ber\u00e4ttar Janne Forslund h\u00e4r med h\u00e4sten Rask. Foto: Ausrine \u00d6hrstr\u00f6m\u00a0&#13;<br \/>\n&#13;<br \/>\n&#13;<\/p>\n<p>Janne Forslund hade tagit med sig sin 10-\u00e5riga ardennerh\u00e4st Rask och \u00e4ven h\u00e4sten Benny.<\/p>\n<p>&#13;<br \/>\n&#13;<\/p>\n<p>\u2013 Jag \u00e4r h\u00e4r i dag f\u00f6r att det \u00e4r kul, skrattar Janne.<\/p>\n<p>&#13;<br \/>\n&#13;<\/p>\n<p>Han bor i Str\u00f6msholm, s\u00e5 det \u00e4r en bit att \u00e5ka, men han tycker det \u00e4r fint att komma ut och lufta h\u00e4starna lite.<\/p>\n<p>&#13;<br \/>\n&#13;<\/p>\n<p>\u2013 Jag leker mest, jag k\u00f6r inte professionellt.<\/p>\n<p>&#13;<br \/>\n&#13;<\/p>\n<p>H\u00e4starna \u00e4r snarare en hobby, \u00e4ven om han t\u00e4vlar lite grann i k\u00f6rning och f\u00f6rs\u00f6ker kvala in till SM.<\/p>\n<p>&#13;<br \/>\n&#13;<\/p>\n<p>N\u00e4r det g\u00e4ller skogsarbete med h\u00e4st ber\u00e4ttar Janne att intresset v\u00e4xer.<\/p>\n<p>&#13;<br \/>\n&#13;<\/p>\n<p>\u2013 Ja, det g\u00e5r bra och det blir mer och mer vanligt. Det finns m\u00e5nga sj\u00e4lvverksamma i skogen p\u00e5 F-skatt, men \u00e4ven skogsbolag anv\u00e4nder h\u00e4star. Till exempel H\u00e4stens Storskogsentreprenad i S\u00f6rmland har 20\u201325 anst\u00e4llda och ett par kuskar som k\u00f6r 40-timmarsveckor i skogen. De \u00e4r v\u00e4lk\u00e4nda i den h\u00e4r kretsen.<\/p>\n<p>&#13;<br \/>\n&#13;<\/p>\n<p>Janne f\u00f6rklarar att man anv\u00e4nder h\u00e4st i skogen dels f\u00f6r att komma \u00e5t platser d\u00e4r skogsmaskiner inte n\u00e5r, dels f\u00f6r att det blir mindre avtryck i naturen.<\/p>\n<p>&#13;<br \/>\n&#13;<br \/>\nVill bevara hantverket&#13;<br \/>\n&#13;<br \/>\n<img decoding=\"async\" alt=\"\" src=\"https:\/\/www.europesays.com\/se\/wp-content\/uploads\/2025\/12\/1766473993_171_getimage.aspx\"\/>&#13;<br \/>\n\u2013 N\u00e4r h\u00e4sten f\u00e5r lite tyngd i selen ska den l\u00e4gga sig p\u00e5 r\u00e4tt s\u00e4tt s\u00e5 att trycket f\u00f6rdelas mot bogpartiet och det inte blir jobbigt f\u00f6r den, ber\u00e4ttar Wendla\u00a0Thorstensson.\u00a0 Foto: Ausrine \u00d6hrstr\u00f6m\u00a0&#13;<br \/>\n&#13;<br \/>\n&#13;<br \/>\n<img decoding=\"async\" alt=\"\" src=\"https:\/\/www.europesays.com\/se\/wp-content\/uploads\/2025\/12\/1766473993_392_getimage.aspx\"\/>&#13;<br \/>\nWendla Thorstensson med sin nordsvenska h\u00e4st\u00a0Caxxa. Foto: Ausrine \u00d6hrstr\u00f6m&#13;<br \/>\n&#13;<br \/>\n&#13;<\/p>\n<p>Wendla Thorstensson har varit med sin pappa som k\u00f6rt h\u00e4star i skogen sedan hon var liten.<\/p>\n<p>&#13;<br \/>\n&#13;<\/p>\n<p>\u2013 Jag har k\u00f6rt mycket h\u00e4st, men i skogen finns det alltid mer att l\u00e4ra. Man beh\u00f6ver planera, v\u00e4lja vilken v\u00e4g man ska ta och veta hur h\u00e4sten ska arbeta med selen.<\/p>\n<p>&#13;<br \/>\n&#13;<\/p>\n<p>Hon \u00e4r med i Ardenner\u00adf\u00f6reningen trots att hon k\u00f6r en nordsvensk h\u00e4st.<\/p>\n<p>&#13;<br \/>\n&#13;<\/p>\n<p>\u2013 Vi vill bevara det h\u00e4r hantverket, och d\u00e4rf\u00f6r \u00e4r vi h\u00e4r i dag. Det \u00e4r lite klurigare h\u00e4r i skogen med m\u00e5nga ekipage p\u00e5 plats, men det \u00e4r j\u00e4ttenyttigt f\u00f6r h\u00e4starna.<\/p>\n<p>&#13;<br \/>\n&#13;<br \/>\n<img decoding=\"async\" alt=\"\" src=\"https:\/\/www.europesays.com\/se\/wp-content\/uploads\/2025\/12\/1766473994_327_getimage.aspx\"\/>&#13;<br \/>\nH\u00e4r arbetar fjordingen Ragnar i skogen f\u00f6r f\u00f6rsta g\u00e5ngen, och det gick alldeles utm\u00e4rkt. \u2013\u00a0De h\u00f6rde av sig och ville att vi skulle komma eftersom vi har en fjording och inte en nordsvensk. Det \u00e4r inte ovanligt med fjordingar i skogen, men h\u00e4r omkring ser man dem s\u00e4llan. Vi kommer fr\u00e5n Fellingsbro, ber\u00e4ttar\u00a0Anna\u00a0Kallionp\u00e4\u00e4, som h\u00f6ll i t\u00f6mmarna. Foto: Ausrine \u00d6hrstr\u00f6m\u00a0&#13;<br \/>\n&#13;<br \/>\n&#13;<br \/>\n<img decoding=\"async\" alt=\"\" src=\"https:\/\/www.europesays.com\/se\/wp-content\/uploads\/2025\/12\/1766473994_167_getimage.aspx\"\/>&#13;<br \/>\n\u2013 Det h\u00e4r \u00e4r egentligen min sons h\u00e4st,\u00a0Tonella, som anv\u00e4nds i skogsarbete f\u00f6r f\u00f6retaget\u00a0Glifsa\u00a0Ardenner. Han kunde inte vara med i\u00a0dag, s\u00e5 jag k\u00f6r lite med den i st\u00e4llet, s\u00e4ger Torsten Jernberg. Foto: Ausrine \u00d6hrstr\u00f6m\u00a0&#13;<br \/>\n&#13;<br \/>\n&#13;<br \/>\n<img decoding=\"async\" alt=\"\" src=\"https:\/\/www.europesays.com\/se\/wp-content\/uploads\/2025\/12\/1766473995_79_getimage.aspx\"\/>&#13;<br \/>\n\u2013 H\u00e4star blir mer och mer vanliga i skogen \u2013 s\u00e5 l\u00e4nge det inte \u00e4r f\u00f6r l\u00e5ngt att k\u00f6ra, s\u00e4ger Torsten Jernberg. Foto: Ausrine \u00d6hrstr\u00f6m\u00a0&#13;<br \/>\n&#13;<br \/>\n&#13;<br \/>\n<img decoding=\"async\" alt=\"\" src=\"https:\/\/www.europesays.com\/se\/wp-content\/uploads\/2025\/12\/1766473996_962_getimage.aspx\"\/>&#13;<br \/>\nH\u00e4r\u00a0milj\u00f6tr\u00e4nar\u00a0Nathalie Rask\u00a0ardennerhingsten Ante. Hon har g\u00e5tt kuskutbildningen i bruksh\u00e4stk\u00f6rning p\u00e5\u00a0W\u00e5ngen. Foto: Ausrine \u00d6hrstr\u00f6m\u00a0&#13;<br \/>\n&#13;<br \/>\n&#13;<br \/>\n<img decoding=\"async\" alt=\"\" src=\"https:\/\/www.europesays.com\/se\/wp-content\/uploads\/2025\/12\/1766473996_464_getimage.aspx\"\/>&#13;<br \/>\nH\u00e4r h\u00e5ller Stefan Knutsson i t\u00f6mmarna p\u00e5 ardennerh\u00e4sten Maja. \u201dInte en aning, fr\u00e5ga frun,\u201d skrattar han n\u00e4r han f\u00e5r fr\u00e5gan om hur gammal h\u00e4sten \u00e4r, men han gissar p\u00e5 14\u201315 \u00e5r. Foto: Ausrine \u00d6hrstr\u00f6m\u00a0&#13;<br \/>\n&#13;<br \/>\n&#13;<br \/>\n<img decoding=\"async\" alt=\"\" src=\"https:\/\/www.europesays.com\/se\/wp-content\/uploads\/2025\/12\/1766473997_990_getimage.aspx\"\/>&#13;<br \/>\nH\u00e4r f\u00e5r h\u00e4sten Benny st\u00e5 still en stund och kika p\u00e5 lite m\u00e4nniskokrafter som beh\u00f6vdes i vissa moment. Foto: Ausrine \u00d6hrstr\u00f6m\u00a0&#13;<br \/>\n&#13;<br \/>\n&#13;<br \/>\n<img decoding=\"async\" alt=\"\" src=\"https:\/\/www.europesays.com\/se\/wp-content\/uploads\/2025\/12\/1766473998_327_getimage.aspx\"\/>&#13;<br \/>\nH\u00e4stkrafter m\u00f6ter nyfikna \u00e5sk\u00e5dar\u00f6gon. Foto: Ausrine \u00d6hrstr\u00f6m\u00a0&#13;<br \/>\n&#13;<br \/>\n&#13;<br \/>\n<img decoding=\"async\" alt=\"\" src=\"https:\/\/www.europesays.com\/se\/wp-content\/uploads\/2025\/12\/1766473998_753_getimage.aspx\"\/>&#13;<br \/>\nMaria Jansson, ink\u00f6pare p\u00e5 Rundvirke Skog, tillsammans med Niclas Oskarsson, virkessynare, och Kent Fredriksson, ink\u00f6pare p\u00e5 dotterbolaget Bergslagsgallring, var p\u00e5 plats. \u2013 Vi \u00e4r ett specialsortimentsf\u00f6retag och \u00e4r h\u00e4r f\u00f6r att visa upp oss\u00a0s\u00f6derut. V\u00e5r\u00a0sydligaste industri\u00a0ligger i Ludvika. Vi arbetar med stolpar, stamblock och andra specialsortiment \u2013 inte bara massaved och timmer. Vi \u00e4r med f\u00f6r att synas, visa att vi har expanderat hit\u00e5t och samtidigt f\u00e5 vara med p\u00e5 den h\u00e4r dagen och se kulturarvet med h\u00e4starna f\u00f6ras vidare, ber\u00e4ttar Maria. Foto: Ausrine \u00d6hrstr\u00f6m\u00a0&#13;<br \/>\n&#13;<br \/>\n&#13;<br \/>\n<img decoding=\"async\" alt=\"\" src=\"https:\/\/www.europesays.com\/se\/wp-content\/uploads\/2025\/12\/1766473999_19_getimage.aspx\"\/>&#13;<br \/>\nLisa\u00a0Grinup\u00a0Nyd\u00e9n p\u00e5 SKOGsam var p\u00e5 plats tillsammans med kollegan Markus Karlsson. \u2013 Vi \u00e4r h\u00e4r f\u00f6r att tr\u00e4ffa skogs\u00e4gare i n\u00e4romr\u00e5det. Det \u00e4r alltid trevligt, och roligt att m\u00f6ta lite andra typer av folk \u00e4n de som brukar komma p\u00e5 de stora m\u00e4ssorna. Vi arbetar med virkesk\u00f6p och skoglig r\u00e5dgivning, och som en mindre organisation f\u00e5r vi vara med i alla skogliga fr\u00e5gor \u2013 fr\u00e5n markberedning och plantering till r\u00f6jning. V\u00e5rt huvudkontor ligger i Hallsberg, ber\u00e4ttar Lisa. Foto: Ausrine \u00d6hrstr\u00f6m\u00a0&#13;<br \/>\n&#13;<br \/>\n&#13;<br \/>\n<img decoding=\"async\" alt=\"\" src=\"https:\/\/www.europesays.com\/se\/wp-content\/uploads\/2025\/12\/1766473999_780_getimage.aspx\"\/>&#13;<br \/>\nTrots det gr\u00e5mulna ruskv\u00e4dret lockade dagen m\u00e5nga bes\u00f6kare. De flesta h\u00f6ll sig inne i skogen, men passade ocks\u00e5 p\u00e5 att ta en paus och mingla en stund. Foto: Ausrine \u00d6hrstr\u00f6m\u00a0&#13;<br \/>\n&#13;<br \/>\n&#13;<\/p>\n<p><strong>Om klubben:<\/strong><\/p>\n<p>\u00d6rebro L\u00e4ns Ardennerklub startades \u00e5r 2008 med syfte att bevara intresset f\u00f6r ardennerh\u00e4sten, framf\u00f6r allt i \u00d6rebro l\u00e4n. Klubben arbetar med allting som r\u00f6r ardennerh\u00e4sten, och med att erbjuda aktiviteter av olika slag.<\/p>\n<p>Under \u00e5ren har klubben arrangerat k\u00f6rturer, pl\u00f6jning, skogsk\u00f6rning, trivselkv\u00e4llar samt kurser av olika slag.<\/p>\n<p>Klubben fr\u00e4mjar uppf\u00f6dning av ardennerh\u00e4star, uppmuntrar medlemmar att ta tillvara p\u00e5 h\u00e4stens goda bruksegenskaper f\u00f6r att \u00f6ka anv\u00e4ndningen av ardennern samt st\u00f6djer ardenner\u00e4gare att visa sina h\u00e4star p\u00e5 premiering.<\/p>\n<p>K\u00e4lla: \u00d6rebro L\u00e4ns Ardennerklubb<\/p>\n<p>&#13;<br \/>\n&#13;<br \/>\n&#13;<br \/>\n&#13;<br \/>\n&#13;<\/p>\n<p>\u00a0<\/p>\n<p>&#13;<br \/>\n&#13;<\/p>\n<p>Artikeln publicerades tisdag den 23 december 2025<\/p>\n<p>&#13;<\/p>\n<p>&#13;<br \/>\n                                               &#8211; -&#13;<br \/>\n                                               -&#13;\n                                            <\/p>\n<p>&#13;<\/p>\n","protected":false},"excerpt":{"rendered":"&#13; &#13; I slutet av november arrangerade \u00d6rebro L\u00e4ns Ardennerklubb en skogsdag hos Kenneth Sch\u00f6ld i Oppeby. Dagen&hellip;\n","protected":false},"author":2,"featured_media":114591,"comment_status":"","ping_status":"","sticky":false,"template":"","format":"standard","meta":{"footnotes":""},"categories":[12],"tags":[22,23,26,27,17,21,24,25,28,29,15,16,18,34,31,33,32,30,19,20],"class_list":{"0":"post-114590","1":"post","2":"type-post","3":"status-publish","4":"format-standard","5":"has-post-thumbnail","7":"category-sverige","8":"tag-breaking-news","9":"tag-breakingnews","10":"tag-featured-news","11":"tag-featurednews","12":"tag-headlines","13":"tag-huvudnyheter","14":"tag-latest-news","15":"tag-latestnews","16":"tag-main-news","17":"tag-mainnews","18":"tag-news","19":"tag-nyheter","20":"tag-rubriker","21":"tag-se","22":"tag-svenska","23":"tag-sverige","24":"tag-sweden","25":"tag-swedish","26":"tag-top-stories","27":"tag-topstories"},"share_on_mastodon":{"url":"https:\/\/pubeurope.com\/@se\/115767647658016239","error":""},"_links":{"self":[{"href":"https:\/\/www.europesays.com\/se\/wp-json\/wp\/v2\/posts\/114590","targetHints":{"allow":["GET"]}}],"collection":[{"href":"https:\/\/www.europesays.com\/se\/wp-json\/wp\/v2\/posts"}],"about":[{"href":"https:\/\/www.europesays.com\/se\/wp-json\/wp\/v2\/types\/post"}],"author":[{"embeddable":true,"href":"https:\/\/www.europesays.com\/se\/wp-json\/wp\/v2\/users\/2"}],"replies":[{"embeddable":true,"href":"https:\/\/www.europesays.com\/se\/wp-json\/wp\/v2\/comments?post=114590"}],"version-history":[{"count":0,"href":"https:\/\/www.europesays.com\/se\/wp-json\/wp\/v2\/posts\/114590\/revisions"}],"wp:featuredmedia":[{"embeddable":true,"href":"https:\/\/www.europesays.com\/se\/wp-json\/wp\/v2\/media\/114591"}],"wp:attachment":[{"href":"https:\/\/www.europesays.com\/se\/wp-json\/wp\/v2\/media?parent=114590"}],"wp:term":[{"taxonomy":"category","embeddable":true,"href":"https:\/\/www.europesays.com\/se\/wp-json\/wp\/v2\/categories?post=114590"},{"taxonomy":"post_tag","embeddable":true,"href":"https:\/\/www.europesays.com\/se\/wp-json\/wp\/v2\/tags?post=114590"}],"curies":[{"name":"wp","href":"https:\/\/api.w.org\/{rel}","templated":true}]}}