{"id":114600,"date":"2025-12-23T07:21:13","date_gmt":"2025-12-23T07:21:13","guid":{"rendered":"https:\/\/www.europesays.com\/se\/114600\/"},"modified":"2025-12-23T07:21:13","modified_gmt":"2025-12-23T07:21:13","slug":"putin-accepterar-macrons-trevare-ar-villig-att-prata","status":"publish","type":"post","link":"https:\/\/www.europesays.com\/se\/114600\/","title":{"rendered":"Putin accepterar Macrons trevare \u2013 \u00e4r villig att prata"},"content":{"rendered":"<p>Vladimir Putin \u00e4r villig att prata med Frankrikes president Emmanuel Macron om en l\u00f6sning p\u00e5 kriget i Ukraina. Det s\u00e4ger Putins talesperson Dmitrij Peskov till statliga ryska medier.<\/p>\n<p>\u2013 Putin har sagt att han \u00e4r redo att inleda en dialog med Macron.<\/p>\n<p>Efter torsdagens EU-toppm\u00f6te sa Macron att han tycker att Europa ska b\u00f6rja samtala med Putin igen.<\/p>\n<p>\u2013 Jag tror att det \u00e4r b\u00e5de i Europas och Ukrainas intresse, sa den franske presidenten.<\/p>\n<p>Omni \u00e4r politiskt obundna och oberoende. Vi str\u00e4var efter att ge fler perspektiv p\u00e5 nyheterna. Har du fr\u00e5gor eller synpunkter kring v\u00e5r rapportering? <a href=\"https:\/\/omni.se\/putin-accepterar-macrons-trevare-ar-villig-att-prata\/a\/mailto:redaktion@omni.se\" class=\"ArticleActions_contactLink__W2F1M\" rel=\"nofollow noopener\" target=\"_blank\">Kontakta redaktionen<\/a><\/p>\n","protected":false},"excerpt":{"rendered":"Vladimir Putin \u00e4r villig att prata med Frankrikes president Emmanuel Macron om en l\u00f6sning p\u00e5 kriget i Ukraina.&hellip;\n","protected":false},"author":2,"featured_media":114601,"comment_status":"","ping_status":"","sticky":false,"template":"","format":"standard","meta":{"footnotes":""},"categories":[14],"tags":[22,23,4224,265,267,26,27,2022,17,21,24,25,28,29,15,16,18,480,269,34,31,33,32,30,19,20,263,51,261,52,53,54],"class_list":{"0":"post-114600","1":"post","2":"type-post","3":"status-publish","4":"format-standard","5":"has-post-thumbnail","7":"category-varlden","8":"tag-breaking-news","9":"tag-breakingnews","10":"tag-dmitrij-peskov","11":"tag-emmanuel-macron","12":"tag-europa","13":"tag-featured-news","14":"tag-featurednews","15":"tag-fransk-politik","16":"tag-headlines","17":"tag-huvudnyheter","18":"tag-latest-news","19":"tag-latestnews","20":"tag-main-news","21":"tag-mainnews","22":"tag-news","23":"tag-nyheter","24":"tag-rubriker","25":"tag-rysk-politik","26":"tag-ryska-invasionen","27":"tag-se","28":"tag-svenska","29":"tag-sverige","30":"tag-sweden","31":"tag-swedish","32":"tag-top-stories","33":"tag-topstories","34":"tag-ukraina","35":"tag-varlden","36":"tag-vladimir-putin","37":"tag-world","38":"tag-world-news","39":"tag-worldnews"},"share_on_mastodon":{"url":"https:\/\/pubeurope.com\/@se\/115767678284681295","error":""},"_links":{"self":[{"href":"https:\/\/www.europesays.com\/se\/wp-json\/wp\/v2\/posts\/114600","targetHints":{"allow":["GET"]}}],"collection":[{"href":"https:\/\/www.europesays.com\/se\/wp-json\/wp\/v2\/posts"}],"about":[{"href":"https:\/\/www.europesays.com\/se\/wp-json\/wp\/v2\/types\/post"}],"author":[{"embeddable":true,"href":"https:\/\/www.europesays.com\/se\/wp-json\/wp\/v2\/users\/2"}],"replies":[{"embeddable":true,"href":"https:\/\/www.europesays.com\/se\/wp-json\/wp\/v2\/comments?post=114600"}],"version-history":[{"count":0,"href":"https:\/\/www.europesays.com\/se\/wp-json\/wp\/v2\/posts\/114600\/revisions"}],"wp:featuredmedia":[{"embeddable":true,"href":"https:\/\/www.europesays.com\/se\/wp-json\/wp\/v2\/media\/114601"}],"wp:attachment":[{"href":"https:\/\/www.europesays.com\/se\/wp-json\/wp\/v2\/media?parent=114600"}],"wp:term":[{"taxonomy":"category","embeddable":true,"href":"https:\/\/www.europesays.com\/se\/wp-json\/wp\/v2\/categories?post=114600"},{"taxonomy":"post_tag","embeddable":true,"href":"https:\/\/www.europesays.com\/se\/wp-json\/wp\/v2\/tags?post=114600"}],"curies":[{"name":"wp","href":"https:\/\/api.w.org\/{rel}","templated":true}]}}