{"id":114607,"date":"2025-12-23T07:33:51","date_gmt":"2025-12-23T07:33:51","guid":{"rendered":"https:\/\/www.europesays.com\/se\/114607\/"},"modified":"2025-12-23T07:33:51","modified_gmt":"2025-12-23T07:33:51","slug":"thomas-bodstrom-ge-rydstrom-ett-femarskontrakt-allsvenskan","status":"publish","type":"post","link":"https:\/\/www.europesays.com\/se\/114607\/","title":{"rendered":"Thomas Bodstr\u00f6m: \u201dGe Rydstr\u00f6m ett fem\u00e5rskontrakt\u201d | Allsvenskan"},"content":{"rendered":"<p>Publicerad 22 dec 2025 kl 15.14<\/p>\n<p>PremiumHenrik Rydstr\u00f6m och John Guidetti tar \u00f6ver som tr\u00e4nare f\u00f6r AIK.<\/p>\n<p>Om Thomas Bodstr\u00f6m f\u00e5r best\u00e4mma.<\/p>\n<p><img   alt=\"\"\/><\/p>\n<p>Tidigare justitieministern i Sverige, Thomas Bodstr\u00f6m, f\u00f6ljer sitt AIK noga.<\/p>\n<p>Foto: OLLE SPORRONG<\/p>\n<p>\u00d6ppna bild i helsk\u00e4rm<img loading=\"lazy\"   alt=\"\"\/><\/p>\n<p>Henrik Rydstr\u00f6m fick sparken fr\u00e5n MFF tidigare i \u00e5r.<\/p>\n<p>Foto: PETTER ARVIDSON \/ BILDBYR\u00c5N<\/p>\n<p>\u00d6ppna bild i helsk\u00e4rm<img loading=\"lazy\"   alt=\"\"\/><\/p>\n<p>John Guidetti har l\u00e4mnat klubben efter att kontraktet l\u00f6pt ut.<\/p>\n<p>Foto: Magnus Lejhall\/TT \/ TT NYHETSBYR\u00c5N \/ Magnus Lejhall<\/p>\n<p>\u00d6ppna bild i helsk\u00e4rm<\/p>\n","protected":false},"excerpt":{"rendered":"Publicerad 22 dec 2025 kl 15.14 PremiumHenrik Rydstr\u00f6m och John Guidetti tar \u00f6ver som tr\u00e4nare f\u00f6r AIK. Om&hellip;\n","protected":false},"author":2,"featured_media":114608,"comment_status":"","ping_status":"","sticky":false,"template":"","format":"standard","meta":{"footnotes":""},"categories":[68],"tags":[131,103,34,130,129,111,110,31,33,32,30],"class_list":{"0":"post-114607","1":"post","2":"type-post","3":"status-publish","4":"format-standard","5":"has-post-thumbnail","7":"category-sport","8":"tag-organization-aik-fotboll","9":"tag-premium","10":"tag-se","11":"tag-sections-allsvenskan","12":"tag-sections-fotboll","13":"tag-sport","14":"tag-sports","15":"tag-svenska","16":"tag-sverige","17":"tag-sweden","18":"tag-swedish"},"share_on_mastodon":{"url":"https:\/\/pubeurope.com\/@se\/115767729438541874","error":""},"_links":{"self":[{"href":"https:\/\/www.europesays.com\/se\/wp-json\/wp\/v2\/posts\/114607","targetHints":{"allow":["GET"]}}],"collection":[{"href":"https:\/\/www.europesays.com\/se\/wp-json\/wp\/v2\/posts"}],"about":[{"href":"https:\/\/www.europesays.com\/se\/wp-json\/wp\/v2\/types\/post"}],"author":[{"embeddable":true,"href":"https:\/\/www.europesays.com\/se\/wp-json\/wp\/v2\/users\/2"}],"replies":[{"embeddable":true,"href":"https:\/\/www.europesays.com\/se\/wp-json\/wp\/v2\/comments?post=114607"}],"version-history":[{"count":0,"href":"https:\/\/www.europesays.com\/se\/wp-json\/wp\/v2\/posts\/114607\/revisions"}],"wp:featuredmedia":[{"embeddable":true,"href":"https:\/\/www.europesays.com\/se\/wp-json\/wp\/v2\/media\/114608"}],"wp:attachment":[{"href":"https:\/\/www.europesays.com\/se\/wp-json\/wp\/v2\/media?parent=114607"}],"wp:term":[{"taxonomy":"category","embeddable":true,"href":"https:\/\/www.europesays.com\/se\/wp-json\/wp\/v2\/categories?post=114607"},{"taxonomy":"post_tag","embeddable":true,"href":"https:\/\/www.europesays.com\/se\/wp-json\/wp\/v2\/tags?post=114607"}],"curies":[{"name":"wp","href":"https:\/\/api.w.org\/{rel}","templated":true}]}}