{"id":114612,"date":"2025-12-23T07:37:29","date_gmt":"2025-12-23T07:37:29","guid":{"rendered":"https:\/\/www.europesays.com\/se\/114612\/"},"modified":"2025-12-23T07:37:29","modified_gmt":"2025-12-23T07:37:29","slug":"misstanken-ryssland-vill-attackera-satelliter","status":"publish","type":"post","link":"https:\/\/www.europesays.com\/se\/114612\/","title":{"rendered":"Misstanken: Ryssland vill attackera satelliter"},"content":{"rendered":"<p class=\"boxtextgrotesk-root_baa6 hyperion-css-7pajle\">Publicerad 2025-12-22 08.27<\/p>\n<p>share-arrowDela<\/p>\n<p>unsaveSpara<\/p>\n<p>expand-left<\/p>\n<p>helsk\u00e4rm<img decoding=\"async\" class=\"image-asset hyperion-css-u06ts1\" data-test-tag=\"image-asset\" src=\"https:\/\/www.europesays.com\/se\/wp-content\/uploads\/2025\/12\/3a024145-29e9-47ba-a4dd-98bed3057e0b\"  alt=\"En raket lastad med Starlink-satelliter lyfter fr\u00e5n rymdstationen i Cape Canaveral den 23 juli i \u00e5r.\"  loading=\"eager\" fetchpriority=\"high\" style=\"aspect-ratio:1900 \/ 1267\"\/>En raket lastad med Starlink-satelliter lyfter fr\u00e5n rymdstationen i Cape Canaveral den 23 juli i \u00e5r. Foto: John Raoux\/AP\/TT<\/p>\n<p class=\"hyperion-css-1shl3oz\" data-test-tag=\"lead-text\">Ryssland vill bryta den v\u00e4sterl\u00e4ndska dominansen i rymden och f\u00f6rst\u00f6ra kommunikationen fr\u00e5n satelliter som hj\u00e4lper Ukraina p\u00e5 slagf\u00e4ltet.<\/p>\n<p class=\"hyperion-css-1shl3oz\" data-test-tag=\"lead-text\">Nu misst\u00e4nker tv\u00e5 underr\u00e4ttelsetj\u00e4nster inom Nato att Ryssland utvecklar ett vapen som ska sl\u00e5 ut satelliter i omloppsbana runt jorden, rapporterar AP<\/p>\n<p class=\"hyperion-css-1v9qo5x\">Satelliterna ifr\u00e5ga h\u00f6r till Elon Musks Starlink-n\u00e4tverk som varit avg\u00f6rande f\u00f6r Ukrainas f\u00f6rsvarsf\u00f6rm\u00e5ga.<\/p>\n<p class=\"hyperion-css-1v9qo5x\">Enligt uppgifterna vill Ryssland sv\u00e4mma \u00f6ver satelliternas omloppsbana med hundratusentals sm\u00e5 pellets som ska krocka med satelliterna och sl\u00e5 ut dem.<\/p>\n<p class=\"hyperion-css-1v9qo5x\">Experter, som inte tagit del av underlaget, menar att en s\u00e5dan man\u00f6ver hade utgjort en fara f\u00f6r ocks\u00e5 f\u00f6r andra satelliter som anv\u00e4nds f\u00f6r civila \u00e4ndam\u00e5l i andra l\u00e4nder \u00e4n Ukraina.<\/p>\n<p class=\"hyperion-css-1v9qo5x\">Uppgifterna har l\u00e4mnats till AP under f\u00f6ruts\u00e4ttning att underr\u00e4ttelsetj\u00e4nsterna inte namnges och AP har inte kunnat bekr\u00e4fta dem.<\/p>\n","protected":false},"excerpt":{"rendered":"Publicerad 2025-12-22 08.27 share-arrowDela unsaveSpara expand-left helsk\u00e4rmEn raket lastad med Starlink-satelliter lyfter fr\u00e5n rymdstationen i Cape Canaveral den&hellip;\n","protected":false},"author":2,"featured_media":114613,"comment_status":"","ping_status":"","sticky":false,"template":"","format":"standard","meta":{"footnotes":""},"categories":[14],"tags":[22,23,26,27,17,21,24,25,28,29,15,16,18,34,31,33,32,30,19,20,51,52,53,54],"class_list":{"0":"post-114612","1":"post","2":"type-post","3":"status-publish","4":"format-standard","5":"has-post-thumbnail","7":"category-varlden","8":"tag-breaking-news","9":"tag-breakingnews","10":"tag-featured-news","11":"tag-featurednews","12":"tag-headlines","13":"tag-huvudnyheter","14":"tag-latest-news","15":"tag-latestnews","16":"tag-main-news","17":"tag-mainnews","18":"tag-news","19":"tag-nyheter","20":"tag-rubriker","21":"tag-se","22":"tag-svenska","23":"tag-sverige","24":"tag-sweden","25":"tag-swedish","26":"tag-top-stories","27":"tag-topstories","28":"tag-varlden","29":"tag-world","30":"tag-world-news","31":"tag-worldnews"},"share_on_mastodon":{"url":"https:\/\/pubeurope.com\/@se\/115767741367439291","error":""},"_links":{"self":[{"href":"https:\/\/www.europesays.com\/se\/wp-json\/wp\/v2\/posts\/114612","targetHints":{"allow":["GET"]}}],"collection":[{"href":"https:\/\/www.europesays.com\/se\/wp-json\/wp\/v2\/posts"}],"about":[{"href":"https:\/\/www.europesays.com\/se\/wp-json\/wp\/v2\/types\/post"}],"author":[{"embeddable":true,"href":"https:\/\/www.europesays.com\/se\/wp-json\/wp\/v2\/users\/2"}],"replies":[{"embeddable":true,"href":"https:\/\/www.europesays.com\/se\/wp-json\/wp\/v2\/comments?post=114612"}],"version-history":[{"count":0,"href":"https:\/\/www.europesays.com\/se\/wp-json\/wp\/v2\/posts\/114612\/revisions"}],"wp:featuredmedia":[{"embeddable":true,"href":"https:\/\/www.europesays.com\/se\/wp-json\/wp\/v2\/media\/114613"}],"wp:attachment":[{"href":"https:\/\/www.europesays.com\/se\/wp-json\/wp\/v2\/media?parent=114612"}],"wp:term":[{"taxonomy":"category","embeddable":true,"href":"https:\/\/www.europesays.com\/se\/wp-json\/wp\/v2\/categories?post=114612"},{"taxonomy":"post_tag","embeddable":true,"href":"https:\/\/www.europesays.com\/se\/wp-json\/wp\/v2\/tags?post=114612"}],"curies":[{"name":"wp","href":"https:\/\/api.w.org\/{rel}","templated":true}]}}